{"id":1775,"date":"2025-02-16T15:54:31","date_gmt":"2025-02-16T14:54:31","guid":{"rendered":"https:\/\/www.medespoir-esthetique-turquie.com\/blog\/?p=1775"},"modified":"2025-05-09T16:06:46","modified_gmt":"2025-05-09T14:06:46","slug":"dr-mehmet-veli-karaaltin","status":"publish","type":"post","link":"https:\/\/www.medespoir-esthetique-turquie.com\/blog\/dr-mehmet-veli-karaaltin\/","title":{"rendered":"Professeur Dr Mehmet Veli Karaaltin : Chirurgien Plasticien et Esth\u00e9tique"},"content":{"rendered":"<h3>Formation acad\u00e9mique<\/h3>\n<ul>\n<li><strong>1997<\/strong> : Dipl\u00f4me de m\u00e9decine (MD), Facult\u00e9 de m\u00e9decine Cerrahpa\u015fa, Universit\u00e9 d&rsquo;Istanbul<\/li>\n<li><strong>2004<\/strong> : Sp\u00e9cialisation en chirurgie plastique, reconstructrice et esth\u00e9tique, Universit\u00e9 Hacettepe, Ankara<\/li>\n<\/ul>\n<h3>Qualifications compl\u00e9mentaires<\/h3>\n<ul>\n<li><strong>2012<\/strong> : Certification en chirurgie de la main par le Conseil de sp\u00e9cialit\u00e9 m\u00e9dicale<\/li>\n<li><strong>2013<\/strong> : Certification en chirurgie orale, maxillo-faciale et de la m\u00e2choire par le Conseil de sp\u00e9cialit\u00e9 m\u00e9dicale<\/li>\n<\/ul>\n<h3>Exp\u00e9rience professionnelle<\/h3>\n<ul>\n<li><strong>2004 \u2013 2007<\/strong> : Chirurgien plasticien, H\u00f4pital priv\u00e9 \u00c7apa<\/li>\n<li><strong>2007 \u2013 2008<\/strong> : Chirurgien plasticien, H\u00f4pital priv\u00e9 Huzur<\/li>\n<li><strong>2008 \u2013 2010<\/strong> : Chirurgien plasticien, H\u00f4pital Medical Park Bah\u00e7elievler<\/li>\n<li><strong>2010 \u2013 2013<\/strong> : Professeur associ\u00e9, Universit\u00e9 Bezmialem<\/li>\n<li><strong>2011 \u2013 pr\u00e9sent<\/strong> : Professeur, Groupe de sant\u00e9 Ac\u0131badem<\/li>\n<li><strong>Fondateur et directeur<\/strong> : Dr. Karaaltin Clinic, Istanbul<\/li>\n<\/ul>\n<h3>Domaines d&rsquo;expertise<\/h3>\n<ul>\n<li>Chirurgie esth\u00e9tique du visage (rhinoplastie 3D, implants faciaux)<\/li>\n<li>Chirurgie esth\u00e9tique du corps (liposuccion, abdominoplastie, lifting mammaire)<\/li>\n<li>Chirurgie reconstructrice complexe<\/li>\n<li>M\u00e9decine r\u00e9g\u00e9n\u00e9rative et th\u00e9rapies cellulaires<\/li>\n<li>Techniques chirurgicales innovantes utilisant des technologies avanc\u00e9es<\/li>\n<\/ul>\n<h3>Affiliations professionnelles<\/h3>\n<ul>\n<li>Membre du Conseil turc de chirurgie plastique, reconstructrice et esth\u00e9tique (T.B.P.R.A.S)<\/li>\n<li>Membre du Conseil europ\u00e9en de chirurgie plastique, reconstructrice et esth\u00e9tique (E.B.O.P.R.A.S)<\/li>\n<li>Membre de la Soci\u00e9t\u00e9 internationale de chirurgie plastique esth\u00e9tique (ISAPS)<\/li>\n<li>Membre du Global Stem Cells Group (GSCG)<\/li>\n<li>Certifi\u00e9 par le Conseil europ\u00e9en de chirurgie plastique (B.C.E.B.P.S)<\/li>\n<\/ul>\n","protected":false},"excerpt":{"rendered":"<p>Formation acad\u00e9mique 1997 : Dipl\u00f4me de m\u00e9decine (MD), Facult\u00e9 de m\u00e9decine Cerrahpa\u015fa, Universit\u00e9 d&rsquo;Istanbul 2004 : Sp\u00e9cialisation en chirurgie plastique, reconstructrice et esth\u00e9tique, Universit\u00e9 Hacettepe, Ankara Qualifications compl\u00e9mentaires 2012 : Certification en chirurgie de la main par le Conseil de sp\u00e9cialit\u00e9 m\u00e9dicale 2013 : Certification en chirurgie orale, maxillo-faciale et de la m\u00e2choire par le [&hellip;]<\/p>\n","protected":false},"author":1,"featured_media":1777,"comment_status":"closed","ping_status":"closed","sticky":false,"template":"","format":"standard","meta":{"rop_custom_images_group":[],"rop_custom_messages_group":[],"rop_publish_now":"initial","rop_publish_now_accounts":[],"rop_publish_now_history":[],"rop_publish_now_status":"pending","footnotes":""},"categories":[21],"tags":[],"class_list":["post-1775","post","type-post","status-publish","format-standard","has-post-thumbnail","hentry","category-chirurgie-istanbul"],"yoast_head":"<!-- This site is optimized with the Yoast SEO plugin v27.4 - https:\/\/yoast.com\/product\/yoast-seo-wordpress\/ -->\n<title>Professeur Dr Mehmet Veli Karaaltin<\/title>\n<meta name=\"description\" content=\"Professeur Dr Mehmet Veli Karaaltin : Chirurgien Plasticien et Esth\u00e9tique\" \/>\n<meta name=\"robots\" content=\"index, follow, max-snippet:-1, max-image-preview:large, max-video-preview:-1\" \/>\n<link rel=\"canonical\" href=\"https:\/\/www.medespoir-esthetique-turquie.com\/blog\/dr-mehmet-veli-karaaltin\/\" \/>\n<meta property=\"og:locale\" content=\"fr_FR\" \/>\n<meta property=\"og:type\" content=\"article\" \/>\n<meta property=\"og:title\" content=\"Professeur Dr Mehmet Veli Karaaltin\" \/>\n<meta property=\"og:description\" content=\"Professeur Dr Mehmet Veli Karaaltin : Chirurgien Plasticien et Esth\u00e9tique\" \/>\n<meta property=\"og:url\" content=\"https:\/\/www.medespoir-esthetique-turquie.com\/blog\/dr-mehmet-veli-karaaltin\/\" \/>\n<meta property=\"og:site_name\" content=\"Blog Medespoir Chirurgie Esth\u00e9tique Turquie\" \/>\n<meta property=\"article:published_time\" content=\"2025-02-16T14:54:31+00:00\" \/>\n<meta property=\"article:modified_time\" content=\"2025-05-09T14:06:46+00:00\" \/>\n<meta property=\"og:image\" content=\"https:\/\/www.medespoir-esthetique-turquie.com\/blog\/web\/app\/uploads\/2025\/05\/Dr-Mehmet-Veli-Karaaltin.webp\" \/>\n\t<meta property=\"og:image:width\" content=\"900\" \/>\n\t<meta property=\"og:image:height\" content=\"600\" \/>\n\t<meta property=\"og:image:type\" content=\"image\/webp\" \/>\n<meta name=\"author\" content=\"Ayline\" \/>\n<meta name=\"twitter:card\" content=\"summary_large_image\" \/>\n<meta name=\"twitter:label1\" content=\"\u00c9crit par\" \/>\n\t<meta name=\"twitter:data1\" content=\"Ayline\" \/>\n\t<meta name=\"twitter:label2\" content=\"Dur\u00e9e de lecture estim\u00e9e\" \/>\n\t<meta name=\"twitter:data2\" content=\"1 minute\" \/>\n<script type=\"application\/ld+json\" class=\"yoast-schema-graph\">{\"@context\":\"https:\\\/\\\/schema.org\",\"@graph\":[{\"@type\":\"Article\",\"@id\":\"https:\\\/\\\/www.medespoir-esthetique-turquie.com\\\/blog\\\/dr-mehmet-veli-karaaltin\\\/#article\",\"isPartOf\":{\"@id\":\"https:\\\/\\\/www.medespoir-esthetique-turquie.com\\\/blog\\\/dr-mehmet-veli-karaaltin\\\/\"},\"author\":{\"name\":\"Ayline\",\"@id\":\"https:\\\/\\\/www.medespoir-esthetique-turquie.com\\\/blog\\\/#\\\/schema\\\/person\\\/f509903ba8947e228b33811587374391\"},\"headline\":\"Professeur Dr Mehmet Veli Karaaltin : Chirurgien Plasticien et Esth\u00e9tique\",\"datePublished\":\"2025-02-16T14:54:31+00:00\",\"dateModified\":\"2025-05-09T14:06:46+00:00\",\"mainEntityOfPage\":{\"@id\":\"https:\\\/\\\/www.medespoir-esthetique-turquie.com\\\/blog\\\/dr-mehmet-veli-karaaltin\\\/\"},\"wordCount\":229,\"publisher\":{\"@id\":\"https:\\\/\\\/www.medespoir-esthetique-turquie.com\\\/blog\\\/#organization\"},\"image\":{\"@id\":\"https:\\\/\\\/www.medespoir-esthetique-turquie.com\\\/blog\\\/dr-mehmet-veli-karaaltin\\\/#primaryimage\"},\"thumbnailUrl\":\"https:\\\/\\\/www.medespoir-esthetique-turquie.com\\\/blog\\\/web\\\/app\\\/uploads\\\/2025\\\/05\\\/Dr-Mehmet-Veli-Karaaltin.webp\",\"articleSection\":[\"chirurgie Istanbul\"],\"inLanguage\":\"fr-FR\"},{\"@type\":\"WebPage\",\"@id\":\"https:\\\/\\\/www.medespoir-esthetique-turquie.com\\\/blog\\\/dr-mehmet-veli-karaaltin\\\/\",\"url\":\"https:\\\/\\\/www.medespoir-esthetique-turquie.com\\\/blog\\\/dr-mehmet-veli-karaaltin\\\/\",\"name\":\"Professeur Dr Mehmet Veli Karaaltin\",\"isPartOf\":{\"@id\":\"https:\\\/\\\/www.medespoir-esthetique-turquie.com\\\/blog\\\/#website\"},\"primaryImageOfPage\":{\"@id\":\"https:\\\/\\\/www.medespoir-esthetique-turquie.com\\\/blog\\\/dr-mehmet-veli-karaaltin\\\/#primaryimage\"},\"image\":{\"@id\":\"https:\\\/\\\/www.medespoir-esthetique-turquie.com\\\/blog\\\/dr-mehmet-veli-karaaltin\\\/#primaryimage\"},\"thumbnailUrl\":\"https:\\\/\\\/www.medespoir-esthetique-turquie.com\\\/blog\\\/web\\\/app\\\/uploads\\\/2025\\\/05\\\/Dr-Mehmet-Veli-Karaaltin.webp\",\"datePublished\":\"2025-02-16T14:54:31+00:00\",\"dateModified\":\"2025-05-09T14:06:46+00:00\",\"description\":\"Professeur Dr Mehmet Veli Karaaltin : Chirurgien Plasticien et Esth\u00e9tique\",\"breadcrumb\":{\"@id\":\"https:\\\/\\\/www.medespoir-esthetique-turquie.com\\\/blog\\\/dr-mehmet-veli-karaaltin\\\/#breadcrumb\"},\"inLanguage\":\"fr-FR\",\"potentialAction\":[{\"@type\":\"ReadAction\",\"target\":[\"https:\\\/\\\/www.medespoir-esthetique-turquie.com\\\/blog\\\/dr-mehmet-veli-karaaltin\\\/\"]}]},{\"@type\":\"ImageObject\",\"inLanguage\":\"fr-FR\",\"@id\":\"https:\\\/\\\/www.medespoir-esthetique-turquie.com\\\/blog\\\/dr-mehmet-veli-karaaltin\\\/#primaryimage\",\"url\":\"https:\\\/\\\/www.medespoir-esthetique-turquie.com\\\/blog\\\/web\\\/app\\\/uploads\\\/2025\\\/05\\\/Dr-Mehmet-Veli-Karaaltin.webp\",\"contentUrl\":\"https:\\\/\\\/www.medespoir-esthetique-turquie.com\\\/blog\\\/web\\\/app\\\/uploads\\\/2025\\\/05\\\/Dr-Mehmet-Veli-Karaaltin.webp\",\"width\":900,\"height\":600},{\"@type\":\"BreadcrumbList\",\"@id\":\"https:\\\/\\\/www.medespoir-esthetique-turquie.com\\\/blog\\\/dr-mehmet-veli-karaaltin\\\/#breadcrumb\",\"itemListElement\":[{\"@type\":\"ListItem\",\"position\":1,\"name\":\"Blog\",\"item\":\"https:\\\/\\\/www.medespoir-esthetique-turquie.com\\\/blog\\\/\"},{\"@type\":\"ListItem\",\"position\":2,\"name\":\"Professeur Dr Mehmet Veli Karaaltin : Chirurgien Plasticien et Esth\u00e9tique\"}]},{\"@type\":\"WebSite\",\"@id\":\"https:\\\/\\\/www.medespoir-esthetique-turquie.com\\\/blog\\\/#website\",\"url\":\"https:\\\/\\\/www.medespoir-esthetique-turquie.com\\\/blog\\\/\",\"name\":\"Blog Medespoir Chirurgie Esth\u00e9tique Turquie\",\"description\":\"Medespoir Turquie\",\"publisher\":{\"@id\":\"https:\\\/\\\/www.medespoir-esthetique-turquie.com\\\/blog\\\/#organization\"},\"potentialAction\":[{\"@type\":\"SearchAction\",\"target\":{\"@type\":\"EntryPoint\",\"urlTemplate\":\"https:\\\/\\\/www.medespoir-esthetique-turquie.com\\\/blog\\\/?s={search_term_string}\"},\"query-input\":{\"@type\":\"PropertyValueSpecification\",\"valueRequired\":true,\"valueName\":\"search_term_string\"}}],\"inLanguage\":\"fr-FR\"},{\"@type\":\"Organization\",\"@id\":\"https:\\\/\\\/www.medespoir-esthetique-turquie.com\\\/blog\\\/#organization\",\"name\":\"Blog Medespoir Chirurgie Esth\u00e9tique Turquie\",\"url\":\"https:\\\/\\\/www.medespoir-esthetique-turquie.com\\\/blog\\\/\",\"logo\":{\"@type\":\"ImageObject\",\"inLanguage\":\"fr-FR\",\"@id\":\"https:\\\/\\\/www.medespoir-esthetique-turquie.com\\\/blog\\\/#\\\/schema\\\/logo\\\/image\\\/\",\"url\":\"https:\\\/\\\/www.medespoir-esthetique-turquie.com\\\/blog\\\/web\\\/app\\\/uploads\\\/2025\\\/05\\\/logo-medespoir.png\",\"contentUrl\":\"https:\\\/\\\/www.medespoir-esthetique-turquie.com\\\/blog\\\/web\\\/app\\\/uploads\\\/2025\\\/05\\\/logo-medespoir.png\",\"width\":167,\"height\":64,\"caption\":\"Blog Medespoir Chirurgie Esth\u00e9tique Turquie\"},\"image\":{\"@id\":\"https:\\\/\\\/www.medespoir-esthetique-turquie.com\\\/blog\\\/#\\\/schema\\\/logo\\\/image\\\/\"}},{\"@type\":\"Person\",\"@id\":\"https:\\\/\\\/www.medespoir-esthetique-turquie.com\\\/blog\\\/#\\\/schema\\\/person\\\/f509903ba8947e228b33811587374391\",\"name\":\"Ayline\",\"sameAs\":[\"https:\\\/\\\/www.medespoir-esthetique-turquie.com\\\/blog\"],\"url\":\"https:\\\/\\\/www.medespoir-esthetique-turquie.com\\\/blog\\\/author\\\/dsh_blgturq_medcom\\\/\"}]}<\/script>\n<!-- \/ Yoast SEO plugin. -->","yoast_head_json":{"title":"Professeur Dr Mehmet Veli Karaaltin","description":"Professeur Dr Mehmet Veli Karaaltin : Chirurgien Plasticien et Esth\u00e9tique","robots":{"index":"index","follow":"follow","max-snippet":"max-snippet:-1","max-image-preview":"max-image-preview:large","max-video-preview":"max-video-preview:-1"},"canonical":"https:\/\/www.medespoir-esthetique-turquie.com\/blog\/dr-mehmet-veli-karaaltin\/","og_locale":"fr_FR","og_type":"article","og_title":"Professeur Dr Mehmet Veli Karaaltin","og_description":"Professeur Dr Mehmet Veli Karaaltin : Chirurgien Plasticien et Esth\u00e9tique","og_url":"https:\/\/www.medespoir-esthetique-turquie.com\/blog\/dr-mehmet-veli-karaaltin\/","og_site_name":"Blog Medespoir Chirurgie Esth\u00e9tique Turquie","article_published_time":"2025-02-16T14:54:31+00:00","article_modified_time":"2025-05-09T14:06:46+00:00","og_image":[{"width":900,"height":600,"url":"https:\/\/www.medespoir-esthetique-turquie.com\/blog\/web\/app\/uploads\/2025\/05\/Dr-Mehmet-Veli-Karaaltin.webp","type":"image\/webp"}],"author":"Ayline","twitter_card":"summary_large_image","twitter_misc":{"\u00c9crit par":"Ayline","Dur\u00e9e de lecture estim\u00e9e":"1 minute"},"schema":{"@context":"https:\/\/schema.org","@graph":[{"@type":"Article","@id":"https:\/\/www.medespoir-esthetique-turquie.com\/blog\/dr-mehmet-veli-karaaltin\/#article","isPartOf":{"@id":"https:\/\/www.medespoir-esthetique-turquie.com\/blog\/dr-mehmet-veli-karaaltin\/"},"author":{"name":"Ayline","@id":"https:\/\/www.medespoir-esthetique-turquie.com\/blog\/#\/schema\/person\/f509903ba8947e228b33811587374391"},"headline":"Professeur Dr Mehmet Veli Karaaltin : Chirurgien Plasticien et Esth\u00e9tique","datePublished":"2025-02-16T14:54:31+00:00","dateModified":"2025-05-09T14:06:46+00:00","mainEntityOfPage":{"@id":"https:\/\/www.medespoir-esthetique-turquie.com\/blog\/dr-mehmet-veli-karaaltin\/"},"wordCount":229,"publisher":{"@id":"https:\/\/www.medespoir-esthetique-turquie.com\/blog\/#organization"},"image":{"@id":"https:\/\/www.medespoir-esthetique-turquie.com\/blog\/dr-mehmet-veli-karaaltin\/#primaryimage"},"thumbnailUrl":"https:\/\/www.medespoir-esthetique-turquie.com\/blog\/web\/app\/uploads\/2025\/05\/Dr-Mehmet-Veli-Karaaltin.webp","articleSection":["chirurgie Istanbul"],"inLanguage":"fr-FR"},{"@type":"WebPage","@id":"https:\/\/www.medespoir-esthetique-turquie.com\/blog\/dr-mehmet-veli-karaaltin\/","url":"https:\/\/www.medespoir-esthetique-turquie.com\/blog\/dr-mehmet-veli-karaaltin\/","name":"Professeur Dr Mehmet Veli Karaaltin","isPartOf":{"@id":"https:\/\/www.medespoir-esthetique-turquie.com\/blog\/#website"},"primaryImageOfPage":{"@id":"https:\/\/www.medespoir-esthetique-turquie.com\/blog\/dr-mehmet-veli-karaaltin\/#primaryimage"},"image":{"@id":"https:\/\/www.medespoir-esthetique-turquie.com\/blog\/dr-mehmet-veli-karaaltin\/#primaryimage"},"thumbnailUrl":"https:\/\/www.medespoir-esthetique-turquie.com\/blog\/web\/app\/uploads\/2025\/05\/Dr-Mehmet-Veli-Karaaltin.webp","datePublished":"2025-02-16T14:54:31+00:00","dateModified":"2025-05-09T14:06:46+00:00","description":"Professeur Dr Mehmet Veli Karaaltin : Chirurgien Plasticien et Esth\u00e9tique","breadcrumb":{"@id":"https:\/\/www.medespoir-esthetique-turquie.com\/blog\/dr-mehmet-veli-karaaltin\/#breadcrumb"},"inLanguage":"fr-FR","potentialAction":[{"@type":"ReadAction","target":["https:\/\/www.medespoir-esthetique-turquie.com\/blog\/dr-mehmet-veli-karaaltin\/"]}]},{"@type":"ImageObject","inLanguage":"fr-FR","@id":"https:\/\/www.medespoir-esthetique-turquie.com\/blog\/dr-mehmet-veli-karaaltin\/#primaryimage","url":"https:\/\/www.medespoir-esthetique-turquie.com\/blog\/web\/app\/uploads\/2025\/05\/Dr-Mehmet-Veli-Karaaltin.webp","contentUrl":"https:\/\/www.medespoir-esthetique-turquie.com\/blog\/web\/app\/uploads\/2025\/05\/Dr-Mehmet-Veli-Karaaltin.webp","width":900,"height":600},{"@type":"BreadcrumbList","@id":"https:\/\/www.medespoir-esthetique-turquie.com\/blog\/dr-mehmet-veli-karaaltin\/#breadcrumb","itemListElement":[{"@type":"ListItem","position":1,"name":"Blog","item":"https:\/\/www.medespoir-esthetique-turquie.com\/blog\/"},{"@type":"ListItem","position":2,"name":"Professeur Dr Mehmet Veli Karaaltin : Chirurgien Plasticien et Esth\u00e9tique"}]},{"@type":"WebSite","@id":"https:\/\/www.medespoir-esthetique-turquie.com\/blog\/#website","url":"https:\/\/www.medespoir-esthetique-turquie.com\/blog\/","name":"Blog Medespoir Chirurgie Esth\u00e9tique Turquie","description":"Medespoir Turquie","publisher":{"@id":"https:\/\/www.medespoir-esthetique-turquie.com\/blog\/#organization"},"potentialAction":[{"@type":"SearchAction","target":{"@type":"EntryPoint","urlTemplate":"https:\/\/www.medespoir-esthetique-turquie.com\/blog\/?s={search_term_string}"},"query-input":{"@type":"PropertyValueSpecification","valueRequired":true,"valueName":"search_term_string"}}],"inLanguage":"fr-FR"},{"@type":"Organization","@id":"https:\/\/www.medespoir-esthetique-turquie.com\/blog\/#organization","name":"Blog Medespoir Chirurgie Esth\u00e9tique Turquie","url":"https:\/\/www.medespoir-esthetique-turquie.com\/blog\/","logo":{"@type":"ImageObject","inLanguage":"fr-FR","@id":"https:\/\/www.medespoir-esthetique-turquie.com\/blog\/#\/schema\/logo\/image\/","url":"https:\/\/www.medespoir-esthetique-turquie.com\/blog\/web\/app\/uploads\/2025\/05\/logo-medespoir.png","contentUrl":"https:\/\/www.medespoir-esthetique-turquie.com\/blog\/web\/app\/uploads\/2025\/05\/logo-medespoir.png","width":167,"height":64,"caption":"Blog Medespoir Chirurgie Esth\u00e9tique Turquie"},"image":{"@id":"https:\/\/www.medespoir-esthetique-turquie.com\/blog\/#\/schema\/logo\/image\/"}},{"@type":"Person","@id":"https:\/\/www.medespoir-esthetique-turquie.com\/blog\/#\/schema\/person\/f509903ba8947e228b33811587374391","name":"Ayline","sameAs":["https:\/\/www.medespoir-esthetique-turquie.com\/blog"],"url":"https:\/\/www.medespoir-esthetique-turquie.com\/blog\/author\/dsh_blgturq_medcom\/"}]}},"_links":{"self":[{"href":"https:\/\/www.medespoir-esthetique-turquie.com\/blog\/wp-json\/wp\/v2\/posts\/1775","targetHints":{"allow":["GET"]}}],"collection":[{"href":"https:\/\/www.medespoir-esthetique-turquie.com\/blog\/wp-json\/wp\/v2\/posts"}],"about":[{"href":"https:\/\/www.medespoir-esthetique-turquie.com\/blog\/wp-json\/wp\/v2\/types\/post"}],"author":[{"embeddable":true,"href":"https:\/\/www.medespoir-esthetique-turquie.com\/blog\/wp-json\/wp\/v2\/users\/1"}],"replies":[{"embeddable":true,"href":"https:\/\/www.medespoir-esthetique-turquie.com\/blog\/wp-json\/wp\/v2\/comments?post=1775"}],"version-history":[{"count":1,"href":"https:\/\/www.medespoir-esthetique-turquie.com\/blog\/wp-json\/wp\/v2\/posts\/1775\/revisions"}],"predecessor-version":[{"id":1776,"href":"https:\/\/www.medespoir-esthetique-turquie.com\/blog\/wp-json\/wp\/v2\/posts\/1775\/revisions\/1776"}],"wp:featuredmedia":[{"embeddable":true,"href":"https:\/\/www.medespoir-esthetique-turquie.com\/blog\/wp-json\/wp\/v2\/media\/1777"}],"wp:attachment":[{"href":"https:\/\/www.medespoir-esthetique-turquie.com\/blog\/wp-json\/wp\/v2\/media?parent=1775"}],"wp:term":[{"taxonomy":"category","embeddable":true,"href":"https:\/\/www.medespoir-esthetique-turquie.com\/blog\/wp-json\/wp\/v2\/categories?post=1775"},{"taxonomy":"post_tag","embeddable":true,"href":"https:\/\/www.medespoir-esthetique-turquie.com\/blog\/wp-json\/wp\/v2\/tags?post=1775"}],"curies":[{"name":"wp","href":"https:\/\/api.w.org\/{rel}","templated":true}]}}