{"id":1890,"date":"2025-09-22T09:14:09","date_gmt":"2025-09-22T07:14:09","guid":{"rendered":"https:\/\/www.medespoir-esthetique-turquie.com\/blog\/?p=1890"},"modified":"2025-09-22T11:09:12","modified_gmt":"2025-09-22T09:09:12","slug":"quels-types-danesthesie-sont-utilises-pour-un-lifting-cervico-facial","status":"publish","type":"post","link":"https:\/\/www.medespoir-esthetique-turquie.com\/blog\/quels-types-danesthesie-sont-utilises-pour-un-lifting-cervico-facial\/","title":{"rendered":"Quels types d&rsquo;anesth\u00e9sie sont utilis\u00e9s pour un lifting cervico-facial ?"},"content":{"rendered":"<p>Le <strong>lifting cervico-facial<\/strong>, \u00e9galement appel\u00e9 rhytidectomie, est une intervention chirurgicale esth\u00e9tique majeure qui vise \u00e0 corriger les signes de vieillissement du visage et du cou. Cette proc\u00e9dure complexe n\u00e9cessite une approche anesth\u00e9sique adapt\u00e9e pour assurer le confort du patient, la s\u00e9curit\u00e9 de l&rsquo;intervention et des conditions op\u00e9ratoires optimales pour le chirurgien. Le choix du type d&rsquo;<strong>anesth\u00e9sie<\/strong> constitue une d\u00e9cision cruciale qui d\u00e9pend de multiples facteurs et influence directement le d\u00e9roulement de l&rsquo;op\u00e9ration ainsi que la r\u00e9cup\u00e9ration post-op\u00e9ratoire.<\/p>\n<h2>L&rsquo;anesth\u00e9sie g\u00e9n\u00e9rale : le gold standard<\/h2>\n<p>L&rsquo;anesth\u00e9sie g\u00e9n\u00e9rale demeure le choix privil\u00e9gi\u00e9 pour la majorit\u00e9 des <strong>liftings cervico-faciaux<\/strong>, particuli\u00e8rement pour les interventions compl\u00e8tes et \u00e9tendues. Cette technique offre de nombreux avantages qui expliquent sa popularit\u00e9 aupr\u00e8s des chirurgiens plasticiens et des anesth\u00e9sistes.<\/p>\n<p>Sous anesth\u00e9sie g\u00e9n\u00e9rale, le patient est maintenu dans un \u00e9tat d&rsquo;inconscience totale gr\u00e2ce \u00e0 l&rsquo;administration de m\u00e9dicaments anesth\u00e9siques par voie intraveineuse et par inhalation. Cette approche permet un contr\u00f4le complet de la douleur, de l&rsquo;anxi\u00e9t\u00e9 et des mouvements involontaires du patient. L&rsquo;intubation endotrach\u00e9ale assure une ventilation m\u00e9canique contr\u00f4l\u00e9e, garantissant une oxyg\u00e9nation optimale tout au long de l&rsquo;intervention qui peut durer entre 3 et 6 heures selon l&rsquo;\u00e9tendue du <a href=\"https:\/\/www.medespoir-esthetique-turquie.com\/lifting-visage\"><strong>lifting<\/strong><\/a>.<\/p>\n<p>Les avantages de l&rsquo;anesth\u00e9sie g\u00e9n\u00e9rale sont multiples. Elle offre une immobilit\u00e9 parfaite du patient, essentielle pour la pr\u00e9cision des gestes chirurgicaux, particuli\u00e8rement lors des dissections d\u00e9licates au niveau du plan musculo-apon\u00e9vrotique superficiel (SMAS). Le chirurgien peut ainsi travailler dans des conditions optimales, sans risque de mouvement impr\u00e9vu du patient qui pourrait compromettre le r\u00e9sultat esth\u00e9tique ou causer des complications.<\/p>\n<p>Cette technique permet \u00e9galement un meilleur contr\u00f4le de la pression art\u00e9rielle et de la fr\u00e9quence cardiaque, r\u00e9duisant les risques de saignements excessifs. L&rsquo;anesth\u00e9siste peut adapter en temps r\u00e9el les param\u00e8tres vitaux selon les besoins de l&rsquo;intervention, notamment lors des phases de d\u00e9collement cutan\u00e9 o\u00f9 une hypotension contr\u00f4l\u00e9e peut \u00eatre b\u00e9n\u00e9fique pour limiter les saignements.<\/p>\n<p style=\"text-align: center;\"><a class=\"maxbutton-1 maxbutton maxbutton-devis-consultation\" href=\"https:\/\/www.medespoir-esthetique-turquie.com\/devis\"><span class='mb-text'>Conractez Chirurgien<\/span><\/a><\/p>\n<h2>L&rsquo;anesth\u00e9sie locale avec s\u00e9dation : une alternative prometteuse<\/h2>\n<p>L&rsquo;anesth\u00e9sie locale associ\u00e9e \u00e0 une s\u00e9dation intraveineuse repr\u00e9sente une alternative de plus en plus utilis\u00e9e, particuli\u00e8rement pour les liftings partiels ou chez les patients pr\u00e9sentant des contre-indications relatives \u00e0 l&rsquo;anesth\u00e9sie g\u00e9n\u00e9rale. Cette approche combine l&rsquo;injection locale d&rsquo;anesth\u00e9siques avec l&rsquo;administration de s\u00e9datifs par voie intraveineuse.<\/p>\n<p>La s\u00e9dation consciente permet au patient de rester \u00e9veill\u00e9 mais profond\u00e9ment d\u00e9tendu et d\u00e9connect\u00e9 de l&rsquo;environnement chirurgical. Les m\u00e9dicaments couramment utilis\u00e9s incluent le midazolam pour ses propri\u00e9t\u00e9s anxiolytiques et amn\u00e9siantes, associ\u00e9 parfois au propofol ou \u00e0 la dexm\u00e9d\u00e9tomidine pour approfondir la s\u00e9dation. Cette technique pr\u00e9sente l&rsquo;avantage de pr\u00e9server les r\u00e9flexes de protection des voies a\u00e9riennes tout en assurant un confort optimal au patient.<\/p>\n<p>L&rsquo;anesth\u00e9sie locale s&rsquo;effectue g\u00e9n\u00e9ralement par infiltration de lidoca\u00efne ou de bupivaca\u00efne, souvent associ\u00e9es \u00e0 de l&rsquo;adr\u00e9naline pour prolonger l&rsquo;effet anesth\u00e9sique et r\u00e9duire les saignements par vasoconstriction. L&rsquo;injection s&rsquo;effectue selon un protocole pr\u00e9cis, en respectant les territoires d&rsquo;innervation sensitive du visage et du cou. Les nerfs sensitifs principaux \u00e0 bloquer incluent les branches du nerf trijumeau pour la partie faciale et les branches du plexus cervical superficiel pour la r\u00e9gion cervicale.<\/p>\n<p>Cette approche pr\u00e9sente plusieurs avantages significatifs. La r\u00e9cup\u00e9ration post-op\u00e9ratoire est g\u00e9n\u00e9ralement plus rapide, avec moins de naus\u00e9es et de vomissements. Les risques cardiovasculaires et respiratoires sont r\u00e9duits, ce qui peut \u00eatre particuli\u00e8rement avantageux chez les patients \u00e2g\u00e9s ou pr\u00e9sentant des comorbidit\u00e9s. De plus, les co\u00fbts sont g\u00e9n\u00e9ralement moindres car elle ne n\u00e9cessite pas la pr\u00e9sence d&rsquo;un anesth\u00e9siste sp\u00e9cialis\u00e9 durant toute l&rsquo;intervention.<\/p>\n<h2>L&rsquo;anesth\u00e9sie locale pure : pour des cas sp\u00e9cifiques<\/h2>\n<p>L&rsquo;anesth\u00e9sie locale pure, sans s\u00e9dation, peut \u00eatre envisag\u00e9e dans des circonstances particuli\u00e8res, bien qu&rsquo;elle reste relativement rare pour un lifting cervico-facial complet. Cette technique est principalement r\u00e9serv\u00e9e aux mini-liftings, aux corrections localis\u00e9es ou aux patients pr\u00e9sentant des contre-indications absolues \u00e0 l&rsquo;anesth\u00e9sie g\u00e9n\u00e9rale et \u00e0 la s\u00e9dation.<\/p>\n<p>L&rsquo;injection d&rsquo;anesth\u00e9siques locaux s&rsquo;effectue de mani\u00e8re extensive dans toutes les zones \u00e0 op\u00e9rer. La lidoca\u00efne reste l&rsquo;anesth\u00e9sique de r\u00e9f\u00e9rence, souvent associ\u00e9e \u00e0 l&rsquo;adr\u00e9naline pour prolonger l&rsquo;effet anesth\u00e9sique et limiter la diffusion syst\u00e9mique. La technique d&rsquo;infiltration doit \u00eatre m\u00e9ticuleuse pour assurer une couverture anesth\u00e9sique compl\u00e8te de toutes les zones de dissection pr\u00e9vues.<\/p>\n<p>Cette approche pr\u00e9sente l&rsquo;avantage de pr\u00e9server int\u00e9gralement les fonctions vitales du patient et d&rsquo;\u00e9liminer les risques li\u00e9s \u00e0 l&rsquo;anesth\u00e9sie g\u00e9n\u00e9rale. Elle permet \u00e9galement au chirurgien d&rsquo;\u00e9valuer en temps r\u00e9el l&rsquo;expression faciale et la sym\u00e9trie, ce qui peut \u00eatre utile pour optimiser le r\u00e9sultat esth\u00e9tique. Cependant, elle n\u00e9cessite une coop\u00e9ration parfaite du patient et peut g\u00e9n\u00e9rer un stress psychologique important li\u00e9 \u00e0 la perception des manipulations chirurgicales.<\/p>\n<h2>Les blocs nerveux r\u00e9gionaux : une technique compl\u00e9mentaire<\/h2>\n<p>Les blocs nerveux r\u00e9gionaux peuvent \u00eatre utilis\u00e9s en compl\u00e9ment d&rsquo;autres techniques anesth\u00e9siques pour optimiser l&rsquo;analg\u00e9sie p\u00e9ri-op\u00e9ratoire. Ces techniques consistent \u00e0 bloquer sp\u00e9cifiquement les nerfs sensitifs innervant les zones op\u00e9r\u00e9es, permettant une anesth\u00e9sie cibl\u00e9e et prolong\u00e9e.<\/p>\n<p>Le bloc du nerf grand auriculaire est particuli\u00e8rement utile pour les interventions au niveau de la r\u00e9gion cervicale et de l&rsquo;angle mandibulaire. Ce nerf, branche du plexus cervical superficiel, innerve la peau de la r\u00e9gion masto\u00efdienne et de la partie inf\u00e9rieure du pavillon auriculaire. Son blocage s&rsquo;effectue par injection d&rsquo;anesth\u00e9sique local au niveau du bord post\u00e9rieur du muscle sterno-cl\u00e9ido-masto\u00efdien.<\/p>\n<p>Les blocs des branches sensitives du nerf trijumeau peuvent \u00e9galement \u00eatre r\u00e9alis\u00e9s pour anesth\u00e9sier sp\u00e9cifiquement certaines r\u00e9gions faciales. Le bloc du nerf supra-orbitaire couvre la r\u00e9gion frontale, tandis que le bloc du nerf infra-orbitaire anesth\u00e9sie la r\u00e9gion maxillaire et la partie sup\u00e9rieure de la joue.<\/p>\n<p>Ces techniques de blocs nerveux pr\u00e9sentent l&rsquo;avantage de fournir une analg\u00e9sie prolong\u00e9e en post-op\u00e9ratoire, r\u00e9duisant ainsi les besoins en antalgiques et am\u00e9liorant le confort du patient. Elles peuvent \u00eatre particuli\u00e8rement utiles dans le cadre d&rsquo;une anesth\u00e9sie multimodale, combinant diff\u00e9rentes approches pour optimiser la prise en charge de la douleur.<\/p>\n<h2>Facteurs influen\u00e7ant le choix anesth\u00e9sique<\/h2>\n<p>Le choix du type d&rsquo;anesth\u00e9sie pour un lifting cervico-facial d\u00e9pend de nombreux facteurs qui doivent \u00eatre soigneusement \u00e9valu\u00e9s lors de la consultation pr\u00e9-op\u00e9ratoire. L&rsquo;\u00e9tat de sant\u00e9 g\u00e9n\u00e9ral du patient constitue le premier crit\u00e8re \u00e0 consid\u00e9rer. Les patients pr\u00e9sentant des pathologies cardiovasculaires, respiratoires ou neurologiques peuvent b\u00e9n\u00e9ficier d&rsquo;une anesth\u00e9sie locale avec s\u00e9dation plut\u00f4t que d&rsquo;une anesth\u00e9sie g\u00e9n\u00e9rale.<\/p>\n<p>L&rsquo;\u00e2ge du patient joue \u00e9galement un r\u00f4le important dans cette d\u00e9cision. Les personnes \u00e2g\u00e9es pr\u00e9sentent g\u00e9n\u00e9ralement une tol\u00e9rance r\u00e9duite \u00e0 l&rsquo;anesth\u00e9sie g\u00e9n\u00e9rale et peuvent b\u00e9n\u00e9ficier d&rsquo;approches moins invasives. Cependant, l&rsquo;\u00e2ge avanc\u00e9 ne constitue pas en soi une contre-indication absolue \u00e0 l&rsquo;anesth\u00e9sie g\u00e9n\u00e9rale si l&rsquo;\u00e9tat de sant\u00e9 g\u00e9n\u00e9ral le permet.<\/p>\n<p>L&rsquo;\u00e9tendue de l&rsquo;intervention influence directement le choix anesth\u00e9sique. Un lifting complet avec remise en tension du SMAS, lipectomie cervicale et \u00e9ventuellement lifting frontal n\u00e9cessite g\u00e9n\u00e9ralement une anesth\u00e9sie g\u00e9n\u00e9rale pour assurer des conditions op\u00e9ratoires optimales. En revanche, un mini-lifting ou une correction localis\u00e9e peut \u00eatre r\u00e9alis\u00e9e sous anesth\u00e9sie locale avec s\u00e9dation.<\/p>\n<p>L&rsquo;anxi\u00e9t\u00e9 du patient et sa tol\u00e9rance psychologique \u00e0 l&rsquo;intervention constituent des facteurs subjectifs mais n\u00e9anmoins importants. Certains patients pr\u00e9f\u00e8rent \u00eatre totalement inconscients durant l&rsquo;intervention, tandis que d&rsquo;autres souhaitent rester conscients et participer \u00e0 l&rsquo;\u00e9valuation du r\u00e9sultat en cours d&rsquo;intervention.<\/p>\n<h2>Pr\u00e9paration pr\u00e9-op\u00e9ratoire sp\u00e9cifique<\/h2>\n<p>La pr\u00e9paration pr\u00e9-op\u00e9ratoire pour un lifting cervico-facial n\u00e9cessite une attention particuli\u00e8re selon le type d&rsquo;anesth\u00e9sie choisi. Pour l&rsquo;anesth\u00e9sie g\u00e9n\u00e9rale, un je\u00fbne pr\u00e9-op\u00e9ratoire strict est obligatoire, g\u00e9n\u00e9ralement de 6 heures pour les solides et 2 heures pour les liquides clairs. Cette pr\u00e9caution est essentielle pour pr\u00e9venir les risques d&rsquo;inhalation bronchique lors de l&rsquo;induction anesth\u00e9sique.<\/p>\n<p>L&rsquo;\u00e9valuation pr\u00e9-anesth\u00e9sique comprend un examen clinique complet, des examens paracliniques adapt\u00e9s \u00e0 l&rsquo;\u00e2ge et aux ant\u00e9c\u00e9dents du patient, ainsi qu&rsquo;une \u00e9valuation des voies a\u00e9riennes. Cette derni\u00e8re est particuli\u00e8rement importante car certaines d\u00e9formations faciales ou cervicales peuvent compliquer l&rsquo;intubation.<\/p>\n<p>Pour l&rsquo;anesth\u00e9sie locale avec s\u00e9dation, la pr\u00e9paration est g\u00e9n\u00e9ralement moins contraignante mais n\u00e9cessite tout de m\u00eame une \u00e9valuation cardiaque et respiratoire. Le je\u00fbne peut \u00eatre all\u00e9g\u00e9 mais reste recommand\u00e9 en cas de s\u00e9dation profonde.<\/p>\n<p>La gestion des traitements m\u00e9dicamenteux en cours constitue un aspect crucial de la pr\u00e9paration. Les anticoagulants et antiagr\u00e9gants plaquettaires doivent \u00eatre arr\u00eat\u00e9s selon des modalit\u00e9s pr\u00e9cises pour limiter les risques h\u00e9morragiques sans exposer le patient \u00e0 des complications thrombotiques. Cette d\u00e9cision n\u00e9cessite une coordination \u00e9troite entre le chirurgien, l&rsquo;anesth\u00e9siste et le m\u00e9decin traitant.<\/p>\n<h2>Surveillance per-op\u00e9ratoire et s\u00e9curit\u00e9<\/h2>\n<p>Quel que soit le type d&rsquo;anesth\u00e9sie utilis\u00e9, une surveillance continue et rigoureuse est indispensable durant toute la dur\u00e9e de l&rsquo;intervention. Cette surveillance comprend le monitoring des param\u00e8tres vitaux (pression art\u00e9rielle, fr\u00e9quence cardiaque, saturation en oxyg\u00e8ne, capnographie), ainsi que l&rsquo;\u00e9valuation continue de la profondeur anesth\u00e9sique.<\/p>\n<p>En anesth\u00e9sie g\u00e9n\u00e9rale, la surveillance inclut \u00e9galement le contr\u00f4le de la ventilation m\u00e9canique, de la temp\u00e9rature corporelle et parfois de la curarisation r\u00e9siduelle. L&rsquo;anesth\u00e9siste adapte en permanence l&rsquo;administration des agents anesth\u00e9siques selon les besoins de l&rsquo;intervention et la r\u00e9ponse du patient.<\/p>\n<p>Pour l&rsquo;anesth\u00e9sie locale avec s\u00e9dation, la surveillance porte particuli\u00e8rement sur le niveau de conscience, la perm\u00e9abilit\u00e9 des voies a\u00e9riennes et la r\u00e9ponse aux stimuli. Il est crucial de maintenir un niveau de s\u00e9dation optimal, suffisant pour assurer le confort du patient sans compromettre les r\u00e9flexes de protection.<\/p>\n<p>La s\u00e9curit\u00e9 anesth\u00e9sique repose \u00e9galement sur la disponibilit\u00e9 imm\u00e9diate d&rsquo;\u00e9quipements de r\u00e9animation et de m\u00e9dicaments d&rsquo;urgence. Ceci inclut les moyens de ventilation manuelle, les m\u00e9dicaments vasoactifs, les antagonistes des agents anesth\u00e9siques et l&rsquo;\u00e9quipement n\u00e9cessaire \u00e0 une \u00e9ventuelle conversion vers une anesth\u00e9sie g\u00e9n\u00e9rale.<\/p>\n<h2>Gestion post-op\u00e9ratoire et r\u00e9cup\u00e9ration<\/h2>\n<p>La p\u00e9riode post-op\u00e9ratoire imm\u00e9diate diff\u00e8re significativement selon le type d&rsquo;anesth\u00e9sie utilis\u00e9. Apr\u00e8s une anesth\u00e9sie g\u00e9n\u00e9rale, le patient est transf\u00e9r\u00e9 en salle de r\u00e9veil o\u00f9 il b\u00e9n\u00e9ficie d&rsquo;une surveillance continue jusqu&rsquo;\u00e0 la r\u00e9cup\u00e9ration compl\u00e8te des fonctions vitales et de la conscience. Cette phase peut durer plusieurs heures et n\u00e9cessite un personnel qualifi\u00e9.<\/p>\n<p>La gestion de la douleur post-op\u00e9ratoire constitue un enjeu majeur qui influence directement la satisfaction du patient et la qualit\u00e9 de la r\u00e9cup\u00e9ration. Elle repose sur une approche multimodale combinant diff\u00e9rentes classes d&rsquo;antalgiques selon un protocole \u00e9tabli. Les anti-inflammatoires non st\u00e9ro\u00efdiens, bien que controvers\u00e9s en raison du risque h\u00e9morragique, peuvent \u00eatre utilis\u00e9s avec pr\u00e9caution. Les antalgiques de palier II (tramadol, cod\u00e9ine) constituent souvent la base du traitement, compl\u00e9t\u00e9s si n\u00e9cessaire par des antalgiques de palier III pour les douleurs les plus intenses.<\/p>\n<p>Apr\u00e8s anesth\u00e9sie locale avec s\u00e9dation, la r\u00e9cup\u00e9ration est g\u00e9n\u00e9ralement plus rapide avec moins d&rsquo;effets secondaires. Les patients peuvent souvent quitter l&rsquo;\u00e9tablissement le jour m\u00eame apr\u00e8s quelques heures de surveillance. Cependant, une surveillance attentive reste n\u00e9cessaire pour d\u00e9tecter d&rsquo;\u00e9ventuelles complications pr\u00e9coces.<\/p>\n<h2>Complications anesth\u00e9siques sp\u00e9cifiques<\/h2>\n<p>Bien que les techniques anesth\u00e9siques modernes soient remarquablement s\u00fbres, certaines complications sp\u00e9cifiques au lifting cervico-facial m\u00e9ritent d&rsquo;\u00eatre mentionn\u00e9es. Les complications de l&rsquo;anesth\u00e9sie g\u00e9n\u00e9rale incluent les r\u00e9actions allergiques aux agents anesth\u00e9siques, les complications cardiovasculaires et respiratoires, ainsi que les troubles cognitifs post-op\u00e9ratoires, particuli\u00e8rement chez les patients \u00e2g\u00e9s.<\/p>\n<p>L&rsquo;anesth\u00e9sie locale peut occasionner des r\u00e9actions toxiques syst\u00e9miques en cas de surdosage ou d&rsquo;injection intravasculaire accidentelle. Ces r\u00e9actions se manifestent par des troubles neurologiques (convulsions, troubles de la conscience) et cardiovasculaires (troubles du rythme, collapsus). La pr\u00e9vention repose sur le respect des doses maximales recommand\u00e9es et l&rsquo;aspiration syst\u00e9matique avant injection.<\/p>\n<p>Les complications sp\u00e9cifiques \u00e0 la chirurgie faciale incluent les l\u00e9sions nerveuses, particuli\u00e8rement du nerf facial, qui peuvent \u00eatre favoris\u00e9es par certaines techniques anesth\u00e9siques. Une connaissance anatomique pr\u00e9cise et une technique rigoureuse sont essentielles pour pr\u00e9venir ces complications.<\/p>\n<h2>\u00c9volutions et perspectives d&rsquo;avenir<\/h2>\n<p>Les techniques anesth\u00e9siques pour la chirurgie esth\u00e9tique \u00e9voluent constamment vers une meilleure s\u00e9curit\u00e9 et un confort accru pour les patients. Le d\u00e9veloppement de nouveaux agents anesth\u00e9siques \u00e0 dur\u00e9e d&rsquo;action plus courte et aux effets secondaires r\u00e9duits am\u00e9liore continuellement la qualit\u00e9 de la prise en charge.<\/p>\n<p>L&rsquo;anesth\u00e9sie locale assist\u00e9e par ordinateur, avec des syst\u00e8mes d&rsquo;injection contr\u00f4l\u00e9e, permet une distribution plus homog\u00e8ne et pr\u00e9cise des anesth\u00e9siques locaux. Ces technologies r\u00e9duisent la douleur lors des injections et optimisent l&rsquo;efficacit\u00e9 anesth\u00e9sique.<\/p>\n<p>La r\u00e9cup\u00e9ration rapide apr\u00e8s anesth\u00e9sie (RRAC) constitue une approche moderne qui vise \u00e0 acc\u00e9l\u00e9rer la r\u00e9cup\u00e9ration post-op\u00e9ratoire en optimisant tous les aspects de la prise en charge p\u00e9ri-op\u00e9ratoire. Cette philosophie influence \u00e9galement le choix des techniques anesth\u00e9siques, privil\u00e9giant les approches permettant un retour rapide \u00e0 l&rsquo;autonomie.<\/p>\n<p>En conclusion, le choix du type d&rsquo;anesth\u00e9sie pour un lifting cervico-facial r\u00e9sulte d&rsquo;une d\u00e9cision m\u00e9dicale complexe qui doit int\u00e9grer de nombreux param\u00e8tres. L&rsquo;anesth\u00e9sie g\u00e9n\u00e9rale reste le gold standard pour les interventions \u00e9tendues, tandis que l&rsquo;anesth\u00e9sie locale avec s\u00e9dation constitue une alternative int\u00e9ressante dans certaines situations. Chaque approche pr\u00e9sente ses avantages et ses inconv\u00e9nients, et la d\u00e9cision finale doit toujours \u00eatre prise en concertation entre le patient, le chirurgien et l&rsquo;anesth\u00e9siste, dans l&rsquo;objectif de garantir la s\u00e9curit\u00e9 optimale et le meilleur confort possible.<\/p>\n","protected":false},"excerpt":{"rendered":"<p>Le lifting cervico-facial, \u00e9galement appel\u00e9 rhytidectomie, est une intervention chirurgicale esth\u00e9tique majeure qui vise \u00e0 corriger les signes de vieillissement du visage et du cou. Cette proc\u00e9dure complexe n\u00e9cessite une approche anesth\u00e9sique adapt\u00e9e pour assurer le confort du patient, la s\u00e9curit\u00e9 de l&rsquo;intervention et des conditions op\u00e9ratoires optimales pour le chirurgien. Le choix du type [&hellip;]<\/p>\n","protected":false},"author":1,"featured_media":0,"comment_status":"closed","ping_status":"closed","sticky":false,"template":"","format":"standard","meta":{"rop_custom_images_group":[],"rop_custom_messages_group":[],"rop_publish_now":"initial","rop_publish_now_accounts":[],"rop_publish_now_history":[],"rop_publish_now_status":"pending","footnotes":""},"categories":[60,21],"tags":[],"class_list":["post-1890","post","type-post","status-publish","format-standard","hentry","category-chirurgie-esthetique","category-chirurgie-istanbul"],"yoast_head":"<!-- This site is optimized with the Yoast SEO plugin v27.4 - https:\/\/yoast.com\/product\/yoast-seo-wordpress\/ -->\n<title>Quels types d&#039;anesth\u00e9sie sont utilis\u00e9s pour un lifting cervico-facial ?<\/title>\n<meta name=\"description\" content=\"Le choix du type d&#039;anesth\u00e9sie pour un lifting cervico-facial constitue une d\u00e9cision cruciale qui d\u00e9pend de multiples facteurs et influence directement le d\u00e9roulement de l&#039;op\u00e9ration ainsi que la r\u00e9cup\u00e9ration post-op\u00e9ratoire.\" \/>\n<meta name=\"robots\" content=\"index, follow, max-snippet:-1, max-image-preview:large, max-video-preview:-1\" \/>\n<link rel=\"canonical\" href=\"https:\/\/www.medespoir-esthetique-turquie.com\/blog\/quels-types-danesthesie-sont-utilises-pour-un-lifting-cervico-facial\/\" \/>\n<meta property=\"og:locale\" content=\"fr_FR\" \/>\n<meta property=\"og:type\" content=\"article\" \/>\n<meta property=\"og:title\" content=\"Quels types d&#039;anesth\u00e9sie sont utilis\u00e9s pour un lifting cervico-facial ?\" \/>\n<meta property=\"og:description\" content=\"Le choix du type d&#039;anesth\u00e9sie pour un lifting cervico-facial constitue une d\u00e9cision cruciale qui d\u00e9pend de multiples facteurs et influence directement le d\u00e9roulement de l&#039;op\u00e9ration ainsi que la r\u00e9cup\u00e9ration post-op\u00e9ratoire.\" \/>\n<meta property=\"og:url\" content=\"https:\/\/www.medespoir-esthetique-turquie.com\/blog\/quels-types-danesthesie-sont-utilises-pour-un-lifting-cervico-facial\/\" \/>\n<meta property=\"og:site_name\" content=\"Blog Medespoir Chirurgie Esth\u00e9tique Turquie\" \/>\n<meta property=\"article:published_time\" content=\"2025-09-22T07:14:09+00:00\" \/>\n<meta property=\"article:modified_time\" content=\"2025-09-22T09:09:12+00:00\" \/>\n<meta property=\"og:image\" content=\"https:\/\/www.medespoir-esthetique-turquie.com\/blog\/web\/app\/uploads\/2022\/05\/prix-chirurgie-esthetique-turquie.jpeg\" \/>\n\t<meta property=\"og:image:width\" content=\"1000\" \/>\n\t<meta property=\"og:image:height\" content=\"563\" \/>\n\t<meta property=\"og:image:type\" content=\"image\/jpeg\" \/>\n<meta name=\"author\" content=\"Ayline\" \/>\n<meta name=\"twitter:card\" content=\"summary_large_image\" \/>\n<meta name=\"twitter:label1\" content=\"\u00c9crit par\" \/>\n\t<meta name=\"twitter:data1\" content=\"Ayline\" \/>\n\t<meta name=\"twitter:label2\" content=\"Dur\u00e9e de lecture estim\u00e9e\" \/>\n\t<meta name=\"twitter:data2\" content=\"11 minutes\" \/>\n<script type=\"application\/ld+json\" class=\"yoast-schema-graph\">{\"@context\":\"https:\\\/\\\/schema.org\",\"@graph\":[{\"@type\":\"Article\",\"@id\":\"https:\\\/\\\/www.medespoir-esthetique-turquie.com\\\/blog\\\/quels-types-danesthesie-sont-utilises-pour-un-lifting-cervico-facial\\\/#article\",\"isPartOf\":{\"@id\":\"https:\\\/\\\/www.medespoir-esthetique-turquie.com\\\/blog\\\/quels-types-danesthesie-sont-utilises-pour-un-lifting-cervico-facial\\\/\"},\"author\":{\"name\":\"Ayline\",\"@id\":\"https:\\\/\\\/www.medespoir-esthetique-turquie.com\\\/blog\\\/#\\\/schema\\\/person\\\/f509903ba8947e228b33811587374391\"},\"headline\":\"Quels types d&rsquo;anesth\u00e9sie sont utilis\u00e9s pour un lifting cervico-facial ?\",\"datePublished\":\"2025-09-22T07:14:09+00:00\",\"dateModified\":\"2025-09-22T09:09:12+00:00\",\"mainEntityOfPage\":{\"@id\":\"https:\\\/\\\/www.medespoir-esthetique-turquie.com\\\/blog\\\/quels-types-danesthesie-sont-utilises-pour-un-lifting-cervico-facial\\\/\"},\"wordCount\":2470,\"publisher\":{\"@id\":\"https:\\\/\\\/www.medespoir-esthetique-turquie.com\\\/blog\\\/#organization\"},\"articleSection\":[\"Chirurgie Esth\u00e9tique\",\"chirurgie Istanbul\"],\"inLanguage\":\"fr-FR\"},{\"@type\":\"WebPage\",\"@id\":\"https:\\\/\\\/www.medespoir-esthetique-turquie.com\\\/blog\\\/quels-types-danesthesie-sont-utilises-pour-un-lifting-cervico-facial\\\/\",\"url\":\"https:\\\/\\\/www.medespoir-esthetique-turquie.com\\\/blog\\\/quels-types-danesthesie-sont-utilises-pour-un-lifting-cervico-facial\\\/\",\"name\":\"Quels types d'anesth\u00e9sie sont utilis\u00e9s pour un lifting cervico-facial ?\",\"isPartOf\":{\"@id\":\"https:\\\/\\\/www.medespoir-esthetique-turquie.com\\\/blog\\\/#website\"},\"datePublished\":\"2025-09-22T07:14:09+00:00\",\"dateModified\":\"2025-09-22T09:09:12+00:00\",\"description\":\"Le choix du type d'anesth\u00e9sie pour un lifting cervico-facial constitue une d\u00e9cision cruciale qui d\u00e9pend de multiples facteurs et influence directement le d\u00e9roulement de l'op\u00e9ration ainsi que la r\u00e9cup\u00e9ration post-op\u00e9ratoire.\",\"breadcrumb\":{\"@id\":\"https:\\\/\\\/www.medespoir-esthetique-turquie.com\\\/blog\\\/quels-types-danesthesie-sont-utilises-pour-un-lifting-cervico-facial\\\/#breadcrumb\"},\"inLanguage\":\"fr-FR\",\"potentialAction\":[{\"@type\":\"ReadAction\",\"target\":[\"https:\\\/\\\/www.medespoir-esthetique-turquie.com\\\/blog\\\/quels-types-danesthesie-sont-utilises-pour-un-lifting-cervico-facial\\\/\"]}]},{\"@type\":\"BreadcrumbList\",\"@id\":\"https:\\\/\\\/www.medespoir-esthetique-turquie.com\\\/blog\\\/quels-types-danesthesie-sont-utilises-pour-un-lifting-cervico-facial\\\/#breadcrumb\",\"itemListElement\":[{\"@type\":\"ListItem\",\"position\":1,\"name\":\"Blog\",\"item\":\"https:\\\/\\\/www.medespoir-esthetique-turquie.com\\\/blog\\\/\"},{\"@type\":\"ListItem\",\"position\":2,\"name\":\"Quels types d&rsquo;anesth\u00e9sie sont utilis\u00e9s pour un lifting cervico-facial ?\"}]},{\"@type\":\"WebSite\",\"@id\":\"https:\\\/\\\/www.medespoir-esthetique-turquie.com\\\/blog\\\/#website\",\"url\":\"https:\\\/\\\/www.medespoir-esthetique-turquie.com\\\/blog\\\/\",\"name\":\"Blog Medespoir Chirurgie Esth\u00e9tique Turquie\",\"description\":\"Medespoir Turquie\",\"publisher\":{\"@id\":\"https:\\\/\\\/www.medespoir-esthetique-turquie.com\\\/blog\\\/#organization\"},\"potentialAction\":[{\"@type\":\"SearchAction\",\"target\":{\"@type\":\"EntryPoint\",\"urlTemplate\":\"https:\\\/\\\/www.medespoir-esthetique-turquie.com\\\/blog\\\/?s={search_term_string}\"},\"query-input\":{\"@type\":\"PropertyValueSpecification\",\"valueRequired\":true,\"valueName\":\"search_term_string\"}}],\"inLanguage\":\"fr-FR\"},{\"@type\":\"Organization\",\"@id\":\"https:\\\/\\\/www.medespoir-esthetique-turquie.com\\\/blog\\\/#organization\",\"name\":\"Blog Medespoir Chirurgie Esth\u00e9tique Turquie\",\"url\":\"https:\\\/\\\/www.medespoir-esthetique-turquie.com\\\/blog\\\/\",\"logo\":{\"@type\":\"ImageObject\",\"inLanguage\":\"fr-FR\",\"@id\":\"https:\\\/\\\/www.medespoir-esthetique-turquie.com\\\/blog\\\/#\\\/schema\\\/logo\\\/image\\\/\",\"url\":\"https:\\\/\\\/www.medespoir-esthetique-turquie.com\\\/blog\\\/web\\\/app\\\/uploads\\\/2025\\\/05\\\/logo-medespoir.png\",\"contentUrl\":\"https:\\\/\\\/www.medespoir-esthetique-turquie.com\\\/blog\\\/web\\\/app\\\/uploads\\\/2025\\\/05\\\/logo-medespoir.png\",\"width\":167,\"height\":64,\"caption\":\"Blog Medespoir Chirurgie Esth\u00e9tique Turquie\"},\"image\":{\"@id\":\"https:\\\/\\\/www.medespoir-esthetique-turquie.com\\\/blog\\\/#\\\/schema\\\/logo\\\/image\\\/\"}},{\"@type\":\"Person\",\"@id\":\"https:\\\/\\\/www.medespoir-esthetique-turquie.com\\\/blog\\\/#\\\/schema\\\/person\\\/f509903ba8947e228b33811587374391\",\"name\":\"Ayline\",\"sameAs\":[\"https:\\\/\\\/www.medespoir-esthetique-turquie.com\\\/blog\"],\"url\":\"https:\\\/\\\/www.medespoir-esthetique-turquie.com\\\/blog\\\/author\\\/dsh_blgturq_medcom\\\/\"}]}<\/script>\n<!-- \/ Yoast SEO plugin. -->","yoast_head_json":{"title":"Quels types d'anesth\u00e9sie sont utilis\u00e9s pour un lifting cervico-facial ?","description":"Le choix du type d'anesth\u00e9sie pour un lifting cervico-facial constitue une d\u00e9cision cruciale qui d\u00e9pend de multiples facteurs et influence directement le d\u00e9roulement de l'op\u00e9ration ainsi que la r\u00e9cup\u00e9ration post-op\u00e9ratoire.","robots":{"index":"index","follow":"follow","max-snippet":"max-snippet:-1","max-image-preview":"max-image-preview:large","max-video-preview":"max-video-preview:-1"},"canonical":"https:\/\/www.medespoir-esthetique-turquie.com\/blog\/quels-types-danesthesie-sont-utilises-pour-un-lifting-cervico-facial\/","og_locale":"fr_FR","og_type":"article","og_title":"Quels types d'anesth\u00e9sie sont utilis\u00e9s pour un lifting cervico-facial ?","og_description":"Le choix du type d'anesth\u00e9sie pour un lifting cervico-facial constitue une d\u00e9cision cruciale qui d\u00e9pend de multiples facteurs et influence directement le d\u00e9roulement de l'op\u00e9ration ainsi que la r\u00e9cup\u00e9ration post-op\u00e9ratoire.","og_url":"https:\/\/www.medespoir-esthetique-turquie.com\/blog\/quels-types-danesthesie-sont-utilises-pour-un-lifting-cervico-facial\/","og_site_name":"Blog Medespoir Chirurgie Esth\u00e9tique Turquie","article_published_time":"2025-09-22T07:14:09+00:00","article_modified_time":"2025-09-22T09:09:12+00:00","og_image":[{"width":1000,"height":563,"url":"https:\/\/www.medespoir-esthetique-turquie.com\/blog\/web\/app\/uploads\/2022\/05\/prix-chirurgie-esthetique-turquie.jpeg","type":"image\/jpeg"}],"author":"Ayline","twitter_card":"summary_large_image","twitter_misc":{"\u00c9crit par":"Ayline","Dur\u00e9e de lecture estim\u00e9e":"11 minutes"},"schema":{"@context":"https:\/\/schema.org","@graph":[{"@type":"Article","@id":"https:\/\/www.medespoir-esthetique-turquie.com\/blog\/quels-types-danesthesie-sont-utilises-pour-un-lifting-cervico-facial\/#article","isPartOf":{"@id":"https:\/\/www.medespoir-esthetique-turquie.com\/blog\/quels-types-danesthesie-sont-utilises-pour-un-lifting-cervico-facial\/"},"author":{"name":"Ayline","@id":"https:\/\/www.medespoir-esthetique-turquie.com\/blog\/#\/schema\/person\/f509903ba8947e228b33811587374391"},"headline":"Quels types d&rsquo;anesth\u00e9sie sont utilis\u00e9s pour un lifting cervico-facial ?","datePublished":"2025-09-22T07:14:09+00:00","dateModified":"2025-09-22T09:09:12+00:00","mainEntityOfPage":{"@id":"https:\/\/www.medespoir-esthetique-turquie.com\/blog\/quels-types-danesthesie-sont-utilises-pour-un-lifting-cervico-facial\/"},"wordCount":2470,"publisher":{"@id":"https:\/\/www.medespoir-esthetique-turquie.com\/blog\/#organization"},"articleSection":["Chirurgie Esth\u00e9tique","chirurgie Istanbul"],"inLanguage":"fr-FR"},{"@type":"WebPage","@id":"https:\/\/www.medespoir-esthetique-turquie.com\/blog\/quels-types-danesthesie-sont-utilises-pour-un-lifting-cervico-facial\/","url":"https:\/\/www.medespoir-esthetique-turquie.com\/blog\/quels-types-danesthesie-sont-utilises-pour-un-lifting-cervico-facial\/","name":"Quels types d'anesth\u00e9sie sont utilis\u00e9s pour un lifting cervico-facial ?","isPartOf":{"@id":"https:\/\/www.medespoir-esthetique-turquie.com\/blog\/#website"},"datePublished":"2025-09-22T07:14:09+00:00","dateModified":"2025-09-22T09:09:12+00:00","description":"Le choix du type d'anesth\u00e9sie pour un lifting cervico-facial constitue une d\u00e9cision cruciale qui d\u00e9pend de multiples facteurs et influence directement le d\u00e9roulement de l'op\u00e9ration ainsi que la r\u00e9cup\u00e9ration post-op\u00e9ratoire.","breadcrumb":{"@id":"https:\/\/www.medespoir-esthetique-turquie.com\/blog\/quels-types-danesthesie-sont-utilises-pour-un-lifting-cervico-facial\/#breadcrumb"},"inLanguage":"fr-FR","potentialAction":[{"@type":"ReadAction","target":["https:\/\/www.medespoir-esthetique-turquie.com\/blog\/quels-types-danesthesie-sont-utilises-pour-un-lifting-cervico-facial\/"]}]},{"@type":"BreadcrumbList","@id":"https:\/\/www.medespoir-esthetique-turquie.com\/blog\/quels-types-danesthesie-sont-utilises-pour-un-lifting-cervico-facial\/#breadcrumb","itemListElement":[{"@type":"ListItem","position":1,"name":"Blog","item":"https:\/\/www.medespoir-esthetique-turquie.com\/blog\/"},{"@type":"ListItem","position":2,"name":"Quels types d&rsquo;anesth\u00e9sie sont utilis\u00e9s pour un lifting cervico-facial ?"}]},{"@type":"WebSite","@id":"https:\/\/www.medespoir-esthetique-turquie.com\/blog\/#website","url":"https:\/\/www.medespoir-esthetique-turquie.com\/blog\/","name":"Blog Medespoir Chirurgie Esth\u00e9tique Turquie","description":"Medespoir Turquie","publisher":{"@id":"https:\/\/www.medespoir-esthetique-turquie.com\/blog\/#organization"},"potentialAction":[{"@type":"SearchAction","target":{"@type":"EntryPoint","urlTemplate":"https:\/\/www.medespoir-esthetique-turquie.com\/blog\/?s={search_term_string}"},"query-input":{"@type":"PropertyValueSpecification","valueRequired":true,"valueName":"search_term_string"}}],"inLanguage":"fr-FR"},{"@type":"Organization","@id":"https:\/\/www.medespoir-esthetique-turquie.com\/blog\/#organization","name":"Blog Medespoir Chirurgie Esth\u00e9tique Turquie","url":"https:\/\/www.medespoir-esthetique-turquie.com\/blog\/","logo":{"@type":"ImageObject","inLanguage":"fr-FR","@id":"https:\/\/www.medespoir-esthetique-turquie.com\/blog\/#\/schema\/logo\/image\/","url":"https:\/\/www.medespoir-esthetique-turquie.com\/blog\/web\/app\/uploads\/2025\/05\/logo-medespoir.png","contentUrl":"https:\/\/www.medespoir-esthetique-turquie.com\/blog\/web\/app\/uploads\/2025\/05\/logo-medespoir.png","width":167,"height":64,"caption":"Blog Medespoir Chirurgie Esth\u00e9tique Turquie"},"image":{"@id":"https:\/\/www.medespoir-esthetique-turquie.com\/blog\/#\/schema\/logo\/image\/"}},{"@type":"Person","@id":"https:\/\/www.medespoir-esthetique-turquie.com\/blog\/#\/schema\/person\/f509903ba8947e228b33811587374391","name":"Ayline","sameAs":["https:\/\/www.medespoir-esthetique-turquie.com\/blog"],"url":"https:\/\/www.medespoir-esthetique-turquie.com\/blog\/author\/dsh_blgturq_medcom\/"}]}},"_links":{"self":[{"href":"https:\/\/www.medespoir-esthetique-turquie.com\/blog\/wp-json\/wp\/v2\/posts\/1890","targetHints":{"allow":["GET"]}}],"collection":[{"href":"https:\/\/www.medespoir-esthetique-turquie.com\/blog\/wp-json\/wp\/v2\/posts"}],"about":[{"href":"https:\/\/www.medespoir-esthetique-turquie.com\/blog\/wp-json\/wp\/v2\/types\/post"}],"author":[{"embeddable":true,"href":"https:\/\/www.medespoir-esthetique-turquie.com\/blog\/wp-json\/wp\/v2\/users\/1"}],"replies":[{"embeddable":true,"href":"https:\/\/www.medespoir-esthetique-turquie.com\/blog\/wp-json\/wp\/v2\/comments?post=1890"}],"version-history":[{"count":4,"href":"https:\/\/www.medespoir-esthetique-turquie.com\/blog\/wp-json\/wp\/v2\/posts\/1890\/revisions"}],"predecessor-version":[{"id":1894,"href":"https:\/\/www.medespoir-esthetique-turquie.com\/blog\/wp-json\/wp\/v2\/posts\/1890\/revisions\/1894"}],"wp:attachment":[{"href":"https:\/\/www.medespoir-esthetique-turquie.com\/blog\/wp-json\/wp\/v2\/media?parent=1890"}],"wp:term":[{"taxonomy":"category","embeddable":true,"href":"https:\/\/www.medespoir-esthetique-turquie.com\/blog\/wp-json\/wp\/v2\/categories?post=1890"},{"taxonomy":"post_tag","embeddable":true,"href":"https:\/\/www.medespoir-esthetique-turquie.com\/blog\/wp-json\/wp\/v2\/tags?post=1890"}],"curies":[{"name":"wp","href":"https:\/\/api.w.org\/{rel}","templated":true}]}}