{"id":1982,"date":"2025-11-26T12:55:50","date_gmt":"2025-11-26T11:55:50","guid":{"rendered":"https:\/\/www.medespoir-esthetique-turquie.com\/blog\/?p=1982"},"modified":"2025-11-26T13:05:42","modified_gmt":"2025-11-26T12:05:42","slug":"dr-orhan-fahri-demir-istanbul","status":"publish","type":"post","link":"https:\/\/www.medespoir-esthetique-turquie.com\/blog\/dr-orhan-fahri-demir-istanbul\/","title":{"rendered":"DR. ORHAN FAHRI DEMIR Chirurgien Plasticien &#038; Esth\u00e9tique Istanbul &#8211; Turquie"},"content":{"rendered":"<h2><strong>Dr. Orhan Fahri<\/strong> Chirurgien Plasticien, Esth\u00e9tique et Reconstructeur<\/h2>\n<h3>\u00c0 PROPOS<\/h3>\n<p>Chirurgien plasticien hautement qualifi\u00e9 avec plus de 8 ann\u00e9es d\u2019exp\u00e9rience clinique et acad\u00e9mique en chirurgie esth\u00e9tique, reconstructrice et microchirurgie.<br \/>\nSp\u00e9cialiste reconnu dans les domaines de la chirurgie faciale, la reconstruction des anomalies cranio-faciales et les interventions de microchirurgie complexe.<\/p>\n<blockquote><p><em><strong>Engagement envers l\u2019excellence clinique et l\u2019innovation chirurgicale.<\/strong><\/em><\/p><\/blockquote>\n<p style=\"text-align: center;\"><a class=\"maxbutton-1 maxbutton maxbutton-devis-consultation\" href=\"https:\/\/www.medespoir-esthetique-turquie.com\/devis\"><span class='mb-text'>Prendre RDV<\/span><\/a><\/p>\n<h2>COMP\u00c9TENCES PROFESSIONNELLES<\/h2>\n<ul>\n<li>Chirurgie Esth\u00e9tique Faciale (Rhinoplastie, Lifting, Bl\u00e9pharoplastie)<\/li>\n<li>Reconstruction des Anomalies Cranio-faciales<\/li>\n<li>Microchirurgie Reconstructrice<\/li>\n<li>Chirurgie des Fractures Faciales et Osseuses<\/li>\n<li>Chirurgie Oncologique et Reconstruction Post-Tumorale<\/li>\n<li>Chirurgie de la Main et des Extr\u00e9mit\u00e9s<\/li>\n<li>Gestion des Br\u00fblures et Reconstruction<\/li>\n<li>Enseignement M\u00e9dical et Formation des R\u00e9sidents<\/li>\n<\/ul>\n<h2>EXP\u00c9RIENCE PROFESSIONNELLE<\/h2>\n<h3><strong>Sp\u00e9cialiste en Chirurgie Esth\u00e9tique, Plastique et Reconstructrice H\u00f4pital Memorial Bah\u00e7elevler, Istanbul 2025 \u2013 Pr\u00e9sent<\/strong><\/h3>\n<p>Direction et supervision des interventions chirurgicales plastiques. Gestion des cas complexes en reconstruction faciale. Enseignement clinique aux r\u00e9sidents. Participation active aux avanc\u00e9es en chirurgie plastique et esth\u00e9tique.<\/p>\n<h3><strong>Chirurgien Plasticien Sp\u00e9cialiste H\u00f4pital IS\u00dc Bah\u00e7e\u015fehir LIV, Istanbul 2023 \u2013 2025<\/strong><\/h3>\n<p>R\u00e9alisation d\u2019interventions chirurgicales en chirurgie plastique et esth\u00e9tique. Prise en charge de patients en reconstruction post-traumatique. Collaboration multidisciplinaire dans les unit\u00e9s sp\u00e9cialis\u00e9es.<\/p>\n<h3><strong>Chirurgien Plasticien H\u00f4pital de Formation et Recherche d\u2019Ad\u0131yaman, Ad\u0131yaman 2021 \u2013 2023<\/strong><\/h3>\n<p>Gestion de cas chirurgicaux complexes. Interventions en chirurgie reconstructrice et esth\u00e9tique. Participation \u00e0 des programmes de formation m\u00e9dicale.<\/p>\n<h3><strong>Chirurgien Plasticien H\u00f4pital IS\u00dc Bah\u00e7e\u015fehir LIV, Istanbul 2021 \u2013 2023<\/strong><\/h3>\n<p>Sp\u00e9cialisation avanc\u00e9e en chirurgie plastique et reconstructrice.<\/p>\n<h3><strong>Internat en Chirurgie Plastique, Reconstructrice et Esth\u00e9tique H\u00f4pital de la Facult\u00e9 de M\u00e9decine de l\u2019Universit\u00e9 Ege, Izmir 2009 \u2013 2016<\/strong><\/h3>\n<p>Formation intensive en chirurgie plastique. Acquisition des comp\u00e9tences chirurgicales avanc\u00e9es. Participation \u00e0 des interventions sp\u00e9cialis\u00e9es et des projets de recherche.<\/p>\n<h3><strong>M\u00e9decin G\u00e9n\u00e9raliste \u2013 Service d\u2019Urgence H\u00f4pital Public de Nev\u015fehir 2016<\/strong><\/h3>\n<h2>FORMATION ACAD\u00c9MIQUE<\/h2>\n<p><strong>Dipl\u00f4me de M\u00e9decine Universit\u00e9 Gazi, Facult\u00e9 de M\u00e9decine, Ankara, Turquie 2009 \u2013 2016<\/strong><\/p>\n<ul>\n<li>Formation m\u00e9dicale compl\u00e8te avec sp\u00e9cialisation progressive en chirurgie plastique et reconstructrice.<\/li>\n<\/ul>\n<h2>CERTIFICATIONS ET FORMATIONS SP\u00c9CIALIS\u00c9ES<\/h2>\n<ul>\n<li>Chirurgies Reconstructrices P\u00e9diatriques \u2013 Enfants Ouzbeks-Cor\u00e9ens (Mission Caritative, 2024)<\/li>\n<li>Cours Cadav\u00e9rique: Anomalies Cranio-faciales et Fractures des Os Faciaux (2022)<\/li>\n<li>Certificat de R\u00e9sidence en Chirurgie Plastique \u2013 Soci\u00e9t\u00e9 Turque de Chirurgie Plastique, Reconstructrice et Esth\u00e9tique (2020)<\/li>\n<li>Formation sur les Animaux d\u2019Exp\u00e9rimentation (2020)<\/li>\n<li>Certificat de Microchirurgie Basique \u2013 Soci\u00e9t\u00e9 Turque de Microchirurgie Reconstructrice (2018)<\/li>\n<\/ul>\n<h2>CONGR\u00c8S ET PR\u00c9SENTATIONS SCIENTIFIQUES<\/h2>\n<ul>\n<li>Congr\u00e8s International de Chirurgie Plastique 2024, Sarajevo \u2013 Conf\u00e9rencier<\/li>\n<li>Congr\u00e8s Lifting Facial 2024, Azerba\u00efdjan \u2013 Conf\u00e9rencier<\/li>\n<li>Congr\u00e8s \u00ab\u00a0Nouvelles Approches en Tumeurs de la T\u00eate et du Cou\u00a0\u00bb 2023, Ouzb\u00e9kistan \u2013 Conf\u00e9rencier<\/li>\n<li>46\u00e8me Cours de Microchirurgie 2023 \u2013 Instructeur<\/li>\n<li>9\u00e8me Congr\u00e8s National de Microchirurgie Reconstructrice &amp; 2\u00e8me Congr\u00e8s National de Chirurgie d\u2019Urgence de la Main et Microchirurgie (2022)<\/li>\n<li>11\u00e8me Congr\u00e8s de Rhinoplastie et 4\u00e8me Congr\u00e8s de Chirurgie Esth\u00e9tique Faciale (2018)<\/li>\n<li>R\u00e9union R\u00e9gionale de Reconstruction Faciale et de l\u2019Oreille (2019)<\/li>\n<li>XXI\u00e8me Journ\u00e9es Ege d\u2019Oncologie \u2013 Symposium M\u00e9lanome et Cancer de la Peau Non-M\u00e9lanome (2017)<\/li>\n<\/ul>\n<h2>AFFILIATIONS PROFESSIONNELLES<\/h2>\n<ul>\n<li>Soci\u00e9t\u00e9 Turque de Chirurgie Plastique, Reconstructrice et Esth\u00e9tique<\/li>\n<li>Soci\u00e9t\u00e9 Turque de Microchirurgie Reconstructrice<\/li>\n<li>Associations M\u00e9dicales Internationales de Chirurgie Plastique.<\/li>\n<\/ul>\n<p style=\"text-align: center;\"><a class=\"maxbutton-1 maxbutton maxbutton-devis-consultation\" href=\"https:\/\/www.medespoir-esthetique-turquie.com\/devis\"><span class='mb-text'>Contacter Dr. Orhan<\/span><\/a><\/p>\n","protected":false},"excerpt":{"rendered":"<p>Dr. Orhan Fahri Chirurgien Plasticien, Esth\u00e9tique et Reconstructeur \u00c0 PROPOS Chirurgien plasticien hautement qualifi\u00e9 avec plus de 8 ann\u00e9es d\u2019exp\u00e9rience clinique et acad\u00e9mique en chirurgie esth\u00e9tique, reconstructrice et microchirurgie. Sp\u00e9cialiste reconnu dans les domaines de la chirurgie faciale, la reconstruction des anomalies cranio-faciales et les interventions de microchirurgie complexe. Engagement envers l\u2019excellence clinique et l\u2019innovation [&hellip;]<\/p>\n","protected":false},"author":1,"featured_media":1984,"comment_status":"closed","ping_status":"closed","sticky":false,"template":"","format":"standard","meta":{"rop_custom_images_group":[],"rop_custom_messages_group":[],"rop_publish_now":"initial","rop_publish_now_accounts":[],"rop_publish_now_history":[],"rop_publish_now_status":"pending","footnotes":""},"categories":[60,21],"tags":[],"class_list":["post-1982","post","type-post","status-publish","format-standard","has-post-thumbnail","hentry","category-chirurgie-esthetique","category-chirurgie-istanbul"],"yoast_head":"<!-- This site is optimized with the Yoast SEO plugin v27.4 - https:\/\/yoast.com\/product\/yoast-seo-wordpress\/ -->\n<title>DR. ORHAN FAHRI DEMIR Chirurgien Plasticien &amp; Esth\u00e9tique Istanbul - Turquie<\/title>\n<meta name=\"description\" content=\"DR. ORHAN FAHRI DEMIR Chirurgien plasticien hautement qualifi\u00e9 avec plus de 8 ann\u00e9es d\u2019exp\u00e9rience clinique et acad\u00e9mique en chirurgie esth\u00e9tique, reconstructrice et microchirurgie.Sp\u00e9cialiste reconnu dans les domaines de la chirurgie faciale, la reconstruction des anomalies cranio-faciales et les interventions de microchirurgie complexe.\" \/>\n<meta name=\"robots\" content=\"index, follow, max-snippet:-1, max-image-preview:large, max-video-preview:-1\" \/>\n<link rel=\"canonical\" href=\"https:\/\/www.medespoir-esthetique-turquie.com\/blog\/dr-orhan-fahri-demir-istanbul\/\" \/>\n<meta property=\"og:locale\" content=\"fr_FR\" \/>\n<meta property=\"og:type\" content=\"article\" \/>\n<meta property=\"og:title\" content=\"DR. ORHAN FAHRI DEMIR Chirurgien Plasticien &amp; Esth\u00e9tique Istanbul - Turquie\" \/>\n<meta property=\"og:description\" content=\"DR. ORHAN FAHRI DEMIR Chirurgien plasticien hautement qualifi\u00e9 avec plus de 8 ann\u00e9es d\u2019exp\u00e9rience clinique et acad\u00e9mique en chirurgie esth\u00e9tique, reconstructrice et microchirurgie.Sp\u00e9cialiste reconnu dans les domaines de la chirurgie faciale, la reconstruction des anomalies cranio-faciales et les interventions de microchirurgie complexe.\" \/>\n<meta property=\"og:url\" content=\"https:\/\/www.medespoir-esthetique-turquie.com\/blog\/dr-orhan-fahri-demir-istanbul\/\" \/>\n<meta property=\"og:site_name\" content=\"Blog Medespoir Chirurgie Esth\u00e9tique Turquie\" \/>\n<meta property=\"article:published_time\" content=\"2025-11-26T11:55:50+00:00\" \/>\n<meta property=\"article:modified_time\" content=\"2025-11-26T12:05:42+00:00\" \/>\n<meta property=\"og:image\" content=\"https:\/\/www.medespoir-esthetique-turquie.com\/blog\/web\/app\/uploads\/2025\/11\/Dr-Orhan-Fahri-Demir.jpeg\" \/>\n\t<meta property=\"og:image:width\" content=\"869\" \/>\n\t<meta property=\"og:image:height\" content=\"1200\" \/>\n\t<meta property=\"og:image:type\" content=\"image\/jpeg\" \/>\n<meta name=\"author\" content=\"Ayline\" \/>\n<meta name=\"twitter:card\" content=\"summary_large_image\" \/>\n<meta name=\"twitter:label1\" content=\"\u00c9crit par\" \/>\n\t<meta name=\"twitter:data1\" content=\"Ayline\" \/>\n\t<meta name=\"twitter:label2\" content=\"Dur\u00e9e de lecture estim\u00e9e\" \/>\n\t<meta name=\"twitter:data2\" content=\"3 minutes\" \/>\n<script type=\"application\/ld+json\" class=\"yoast-schema-graph\">{\"@context\":\"https:\\\/\\\/schema.org\",\"@graph\":[{\"@type\":\"Article\",\"@id\":\"https:\\\/\\\/www.medespoir-esthetique-turquie.com\\\/blog\\\/dr-orhan-fahri-demir-istanbul\\\/#article\",\"isPartOf\":{\"@id\":\"https:\\\/\\\/www.medespoir-esthetique-turquie.com\\\/blog\\\/dr-orhan-fahri-demir-istanbul\\\/\"},\"author\":{\"name\":\"Ayline\",\"@id\":\"https:\\\/\\\/www.medespoir-esthetique-turquie.com\\\/blog\\\/#\\\/schema\\\/person\\\/f509903ba8947e228b33811587374391\"},\"headline\":\"DR. ORHAN FAHRI DEMIR Chirurgien Plasticien &#038; Esth\u00e9tique Istanbul &#8211; Turquie\",\"datePublished\":\"2025-11-26T11:55:50+00:00\",\"dateModified\":\"2025-11-26T12:05:42+00:00\",\"mainEntityOfPage\":{\"@id\":\"https:\\\/\\\/www.medespoir-esthetique-turquie.com\\\/blog\\\/dr-orhan-fahri-demir-istanbul\\\/\"},\"wordCount\":557,\"publisher\":{\"@id\":\"https:\\\/\\\/www.medespoir-esthetique-turquie.com\\\/blog\\\/#organization\"},\"image\":{\"@id\":\"https:\\\/\\\/www.medespoir-esthetique-turquie.com\\\/blog\\\/dr-orhan-fahri-demir-istanbul\\\/#primaryimage\"},\"thumbnailUrl\":\"https:\\\/\\\/www.medespoir-esthetique-turquie.com\\\/blog\\\/web\\\/app\\\/uploads\\\/2025\\\/11\\\/Dr-Orhan-Fahri-Demir.jpeg\",\"articleSection\":[\"Chirurgie Esth\u00e9tique\",\"chirurgie Istanbul\"],\"inLanguage\":\"fr-FR\"},{\"@type\":\"WebPage\",\"@id\":\"https:\\\/\\\/www.medespoir-esthetique-turquie.com\\\/blog\\\/dr-orhan-fahri-demir-istanbul\\\/\",\"url\":\"https:\\\/\\\/www.medespoir-esthetique-turquie.com\\\/blog\\\/dr-orhan-fahri-demir-istanbul\\\/\",\"name\":\"DR. ORHAN FAHRI DEMIR Chirurgien Plasticien & Esth\u00e9tique Istanbul - Turquie\",\"isPartOf\":{\"@id\":\"https:\\\/\\\/www.medespoir-esthetique-turquie.com\\\/blog\\\/#website\"},\"primaryImageOfPage\":{\"@id\":\"https:\\\/\\\/www.medespoir-esthetique-turquie.com\\\/blog\\\/dr-orhan-fahri-demir-istanbul\\\/#primaryimage\"},\"image\":{\"@id\":\"https:\\\/\\\/www.medespoir-esthetique-turquie.com\\\/blog\\\/dr-orhan-fahri-demir-istanbul\\\/#primaryimage\"},\"thumbnailUrl\":\"https:\\\/\\\/www.medespoir-esthetique-turquie.com\\\/blog\\\/web\\\/app\\\/uploads\\\/2025\\\/11\\\/Dr-Orhan-Fahri-Demir.jpeg\",\"datePublished\":\"2025-11-26T11:55:50+00:00\",\"dateModified\":\"2025-11-26T12:05:42+00:00\",\"description\":\"DR. ORHAN FAHRI DEMIR Chirurgien plasticien hautement qualifi\u00e9 avec plus de 8 ann\u00e9es d\u2019exp\u00e9rience clinique et acad\u00e9mique en chirurgie esth\u00e9tique, reconstructrice et microchirurgie.Sp\u00e9cialiste reconnu dans les domaines de la chirurgie faciale, la reconstruction des anomalies cranio-faciales et les interventions de microchirurgie complexe.\",\"breadcrumb\":{\"@id\":\"https:\\\/\\\/www.medespoir-esthetique-turquie.com\\\/blog\\\/dr-orhan-fahri-demir-istanbul\\\/#breadcrumb\"},\"inLanguage\":\"fr-FR\",\"potentialAction\":[{\"@type\":\"ReadAction\",\"target\":[\"https:\\\/\\\/www.medespoir-esthetique-turquie.com\\\/blog\\\/dr-orhan-fahri-demir-istanbul\\\/\"]}]},{\"@type\":\"ImageObject\",\"inLanguage\":\"fr-FR\",\"@id\":\"https:\\\/\\\/www.medespoir-esthetique-turquie.com\\\/blog\\\/dr-orhan-fahri-demir-istanbul\\\/#primaryimage\",\"url\":\"https:\\\/\\\/www.medespoir-esthetique-turquie.com\\\/blog\\\/web\\\/app\\\/uploads\\\/2025\\\/11\\\/Dr-Orhan-Fahri-Demir.jpeg\",\"contentUrl\":\"https:\\\/\\\/www.medespoir-esthetique-turquie.com\\\/blog\\\/web\\\/app\\\/uploads\\\/2025\\\/11\\\/Dr-Orhan-Fahri-Demir.jpeg\",\"width\":869,\"height\":1200},{\"@type\":\"BreadcrumbList\",\"@id\":\"https:\\\/\\\/www.medespoir-esthetique-turquie.com\\\/blog\\\/dr-orhan-fahri-demir-istanbul\\\/#breadcrumb\",\"itemListElement\":[{\"@type\":\"ListItem\",\"position\":1,\"name\":\"Blog\",\"item\":\"https:\\\/\\\/www.medespoir-esthetique-turquie.com\\\/blog\\\/\"},{\"@type\":\"ListItem\",\"position\":2,\"name\":\"DR. ORHAN FAHRI DEMIR Chirurgien Plasticien &#038; Esth\u00e9tique Istanbul &#8211; Turquie\"}]},{\"@type\":\"WebSite\",\"@id\":\"https:\\\/\\\/www.medespoir-esthetique-turquie.com\\\/blog\\\/#website\",\"url\":\"https:\\\/\\\/www.medespoir-esthetique-turquie.com\\\/blog\\\/\",\"name\":\"Blog Medespoir Chirurgie Esth\u00e9tique Turquie\",\"description\":\"Medespoir Turquie\",\"publisher\":{\"@id\":\"https:\\\/\\\/www.medespoir-esthetique-turquie.com\\\/blog\\\/#organization\"},\"potentialAction\":[{\"@type\":\"SearchAction\",\"target\":{\"@type\":\"EntryPoint\",\"urlTemplate\":\"https:\\\/\\\/www.medespoir-esthetique-turquie.com\\\/blog\\\/?s={search_term_string}\"},\"query-input\":{\"@type\":\"PropertyValueSpecification\",\"valueRequired\":true,\"valueName\":\"search_term_string\"}}],\"inLanguage\":\"fr-FR\"},{\"@type\":\"Organization\",\"@id\":\"https:\\\/\\\/www.medespoir-esthetique-turquie.com\\\/blog\\\/#organization\",\"name\":\"Blog Medespoir Chirurgie Esth\u00e9tique Turquie\",\"url\":\"https:\\\/\\\/www.medespoir-esthetique-turquie.com\\\/blog\\\/\",\"logo\":{\"@type\":\"ImageObject\",\"inLanguage\":\"fr-FR\",\"@id\":\"https:\\\/\\\/www.medespoir-esthetique-turquie.com\\\/blog\\\/#\\\/schema\\\/logo\\\/image\\\/\",\"url\":\"https:\\\/\\\/www.medespoir-esthetique-turquie.com\\\/blog\\\/web\\\/app\\\/uploads\\\/2025\\\/05\\\/logo-medespoir.png\",\"contentUrl\":\"https:\\\/\\\/www.medespoir-esthetique-turquie.com\\\/blog\\\/web\\\/app\\\/uploads\\\/2025\\\/05\\\/logo-medespoir.png\",\"width\":167,\"height\":64,\"caption\":\"Blog Medespoir Chirurgie Esth\u00e9tique Turquie\"},\"image\":{\"@id\":\"https:\\\/\\\/www.medespoir-esthetique-turquie.com\\\/blog\\\/#\\\/schema\\\/logo\\\/image\\\/\"}},{\"@type\":\"Person\",\"@id\":\"https:\\\/\\\/www.medespoir-esthetique-turquie.com\\\/blog\\\/#\\\/schema\\\/person\\\/f509903ba8947e228b33811587374391\",\"name\":\"Ayline\",\"sameAs\":[\"https:\\\/\\\/www.medespoir-esthetique-turquie.com\\\/blog\"],\"url\":\"https:\\\/\\\/www.medespoir-esthetique-turquie.com\\\/blog\\\/author\\\/dsh_blgturq_medcom\\\/\"}]}<\/script>\n<!-- \/ Yoast SEO plugin. -->","yoast_head_json":{"title":"DR. ORHAN FAHRI DEMIR Chirurgien Plasticien & Esth\u00e9tique Istanbul - Turquie","description":"DR. ORHAN FAHRI DEMIR Chirurgien plasticien hautement qualifi\u00e9 avec plus de 8 ann\u00e9es d\u2019exp\u00e9rience clinique et acad\u00e9mique en chirurgie esth\u00e9tique, reconstructrice et microchirurgie.Sp\u00e9cialiste reconnu dans les domaines de la chirurgie faciale, la reconstruction des anomalies cranio-faciales et les interventions de microchirurgie complexe.","robots":{"index":"index","follow":"follow","max-snippet":"max-snippet:-1","max-image-preview":"max-image-preview:large","max-video-preview":"max-video-preview:-1"},"canonical":"https:\/\/www.medespoir-esthetique-turquie.com\/blog\/dr-orhan-fahri-demir-istanbul\/","og_locale":"fr_FR","og_type":"article","og_title":"DR. ORHAN FAHRI DEMIR Chirurgien Plasticien & Esth\u00e9tique Istanbul - Turquie","og_description":"DR. ORHAN FAHRI DEMIR Chirurgien plasticien hautement qualifi\u00e9 avec plus de 8 ann\u00e9es d\u2019exp\u00e9rience clinique et acad\u00e9mique en chirurgie esth\u00e9tique, reconstructrice et microchirurgie.Sp\u00e9cialiste reconnu dans les domaines de la chirurgie faciale, la reconstruction des anomalies cranio-faciales et les interventions de microchirurgie complexe.","og_url":"https:\/\/www.medespoir-esthetique-turquie.com\/blog\/dr-orhan-fahri-demir-istanbul\/","og_site_name":"Blog Medespoir Chirurgie Esth\u00e9tique Turquie","article_published_time":"2025-11-26T11:55:50+00:00","article_modified_time":"2025-11-26T12:05:42+00:00","og_image":[{"width":869,"height":1200,"url":"https:\/\/www.medespoir-esthetique-turquie.com\/blog\/web\/app\/uploads\/2025\/11\/Dr-Orhan-Fahri-Demir.jpeg","type":"image\/jpeg"}],"author":"Ayline","twitter_card":"summary_large_image","twitter_misc":{"\u00c9crit par":"Ayline","Dur\u00e9e de lecture estim\u00e9e":"3 minutes"},"schema":{"@context":"https:\/\/schema.org","@graph":[{"@type":"Article","@id":"https:\/\/www.medespoir-esthetique-turquie.com\/blog\/dr-orhan-fahri-demir-istanbul\/#article","isPartOf":{"@id":"https:\/\/www.medespoir-esthetique-turquie.com\/blog\/dr-orhan-fahri-demir-istanbul\/"},"author":{"name":"Ayline","@id":"https:\/\/www.medespoir-esthetique-turquie.com\/blog\/#\/schema\/person\/f509903ba8947e228b33811587374391"},"headline":"DR. ORHAN FAHRI DEMIR Chirurgien Plasticien &#038; Esth\u00e9tique Istanbul &#8211; Turquie","datePublished":"2025-11-26T11:55:50+00:00","dateModified":"2025-11-26T12:05:42+00:00","mainEntityOfPage":{"@id":"https:\/\/www.medespoir-esthetique-turquie.com\/blog\/dr-orhan-fahri-demir-istanbul\/"},"wordCount":557,"publisher":{"@id":"https:\/\/www.medespoir-esthetique-turquie.com\/blog\/#organization"},"image":{"@id":"https:\/\/www.medespoir-esthetique-turquie.com\/blog\/dr-orhan-fahri-demir-istanbul\/#primaryimage"},"thumbnailUrl":"https:\/\/www.medespoir-esthetique-turquie.com\/blog\/web\/app\/uploads\/2025\/11\/Dr-Orhan-Fahri-Demir.jpeg","articleSection":["Chirurgie Esth\u00e9tique","chirurgie Istanbul"],"inLanguage":"fr-FR"},{"@type":"WebPage","@id":"https:\/\/www.medespoir-esthetique-turquie.com\/blog\/dr-orhan-fahri-demir-istanbul\/","url":"https:\/\/www.medespoir-esthetique-turquie.com\/blog\/dr-orhan-fahri-demir-istanbul\/","name":"DR. ORHAN FAHRI DEMIR Chirurgien Plasticien & Esth\u00e9tique Istanbul - Turquie","isPartOf":{"@id":"https:\/\/www.medespoir-esthetique-turquie.com\/blog\/#website"},"primaryImageOfPage":{"@id":"https:\/\/www.medespoir-esthetique-turquie.com\/blog\/dr-orhan-fahri-demir-istanbul\/#primaryimage"},"image":{"@id":"https:\/\/www.medespoir-esthetique-turquie.com\/blog\/dr-orhan-fahri-demir-istanbul\/#primaryimage"},"thumbnailUrl":"https:\/\/www.medespoir-esthetique-turquie.com\/blog\/web\/app\/uploads\/2025\/11\/Dr-Orhan-Fahri-Demir.jpeg","datePublished":"2025-11-26T11:55:50+00:00","dateModified":"2025-11-26T12:05:42+00:00","description":"DR. ORHAN FAHRI DEMIR Chirurgien plasticien hautement qualifi\u00e9 avec plus de 8 ann\u00e9es d\u2019exp\u00e9rience clinique et acad\u00e9mique en chirurgie esth\u00e9tique, reconstructrice et microchirurgie.Sp\u00e9cialiste reconnu dans les domaines de la chirurgie faciale, la reconstruction des anomalies cranio-faciales et les interventions de microchirurgie complexe.","breadcrumb":{"@id":"https:\/\/www.medespoir-esthetique-turquie.com\/blog\/dr-orhan-fahri-demir-istanbul\/#breadcrumb"},"inLanguage":"fr-FR","potentialAction":[{"@type":"ReadAction","target":["https:\/\/www.medespoir-esthetique-turquie.com\/blog\/dr-orhan-fahri-demir-istanbul\/"]}]},{"@type":"ImageObject","inLanguage":"fr-FR","@id":"https:\/\/www.medespoir-esthetique-turquie.com\/blog\/dr-orhan-fahri-demir-istanbul\/#primaryimage","url":"https:\/\/www.medespoir-esthetique-turquie.com\/blog\/web\/app\/uploads\/2025\/11\/Dr-Orhan-Fahri-Demir.jpeg","contentUrl":"https:\/\/www.medespoir-esthetique-turquie.com\/blog\/web\/app\/uploads\/2025\/11\/Dr-Orhan-Fahri-Demir.jpeg","width":869,"height":1200},{"@type":"BreadcrumbList","@id":"https:\/\/www.medespoir-esthetique-turquie.com\/blog\/dr-orhan-fahri-demir-istanbul\/#breadcrumb","itemListElement":[{"@type":"ListItem","position":1,"name":"Blog","item":"https:\/\/www.medespoir-esthetique-turquie.com\/blog\/"},{"@type":"ListItem","position":2,"name":"DR. ORHAN FAHRI DEMIR Chirurgien Plasticien &#038; Esth\u00e9tique Istanbul &#8211; Turquie"}]},{"@type":"WebSite","@id":"https:\/\/www.medespoir-esthetique-turquie.com\/blog\/#website","url":"https:\/\/www.medespoir-esthetique-turquie.com\/blog\/","name":"Blog Medespoir Chirurgie Esth\u00e9tique Turquie","description":"Medespoir Turquie","publisher":{"@id":"https:\/\/www.medespoir-esthetique-turquie.com\/blog\/#organization"},"potentialAction":[{"@type":"SearchAction","target":{"@type":"EntryPoint","urlTemplate":"https:\/\/www.medespoir-esthetique-turquie.com\/blog\/?s={search_term_string}"},"query-input":{"@type":"PropertyValueSpecification","valueRequired":true,"valueName":"search_term_string"}}],"inLanguage":"fr-FR"},{"@type":"Organization","@id":"https:\/\/www.medespoir-esthetique-turquie.com\/blog\/#organization","name":"Blog Medespoir Chirurgie Esth\u00e9tique Turquie","url":"https:\/\/www.medespoir-esthetique-turquie.com\/blog\/","logo":{"@type":"ImageObject","inLanguage":"fr-FR","@id":"https:\/\/www.medespoir-esthetique-turquie.com\/blog\/#\/schema\/logo\/image\/","url":"https:\/\/www.medespoir-esthetique-turquie.com\/blog\/web\/app\/uploads\/2025\/05\/logo-medespoir.png","contentUrl":"https:\/\/www.medespoir-esthetique-turquie.com\/blog\/web\/app\/uploads\/2025\/05\/logo-medespoir.png","width":167,"height":64,"caption":"Blog Medespoir Chirurgie Esth\u00e9tique Turquie"},"image":{"@id":"https:\/\/www.medespoir-esthetique-turquie.com\/blog\/#\/schema\/logo\/image\/"}},{"@type":"Person","@id":"https:\/\/www.medespoir-esthetique-turquie.com\/blog\/#\/schema\/person\/f509903ba8947e228b33811587374391","name":"Ayline","sameAs":["https:\/\/www.medespoir-esthetique-turquie.com\/blog"],"url":"https:\/\/www.medespoir-esthetique-turquie.com\/blog\/author\/dsh_blgturq_medcom\/"}]}},"_links":{"self":[{"href":"https:\/\/www.medespoir-esthetique-turquie.com\/blog\/wp-json\/wp\/v2\/posts\/1982","targetHints":{"allow":["GET"]}}],"collection":[{"href":"https:\/\/www.medespoir-esthetique-turquie.com\/blog\/wp-json\/wp\/v2\/posts"}],"about":[{"href":"https:\/\/www.medespoir-esthetique-turquie.com\/blog\/wp-json\/wp\/v2\/types\/post"}],"author":[{"embeddable":true,"href":"https:\/\/www.medespoir-esthetique-turquie.com\/blog\/wp-json\/wp\/v2\/users\/1"}],"replies":[{"embeddable":true,"href":"https:\/\/www.medespoir-esthetique-turquie.com\/blog\/wp-json\/wp\/v2\/comments?post=1982"}],"version-history":[{"count":3,"href":"https:\/\/www.medespoir-esthetique-turquie.com\/blog\/wp-json\/wp\/v2\/posts\/1982\/revisions"}],"predecessor-version":[{"id":2001,"href":"https:\/\/www.medespoir-esthetique-turquie.com\/blog\/wp-json\/wp\/v2\/posts\/1982\/revisions\/2001"}],"wp:featuredmedia":[{"embeddable":true,"href":"https:\/\/www.medespoir-esthetique-turquie.com\/blog\/wp-json\/wp\/v2\/media\/1984"}],"wp:attachment":[{"href":"https:\/\/www.medespoir-esthetique-turquie.com\/blog\/wp-json\/wp\/v2\/media?parent=1982"}],"wp:term":[{"taxonomy":"category","embeddable":true,"href":"https:\/\/www.medespoir-esthetique-turquie.com\/blog\/wp-json\/wp\/v2\/categories?post=1982"},{"taxonomy":"post_tag","embeddable":true,"href":"https:\/\/www.medespoir-esthetique-turquie.com\/blog\/wp-json\/wp\/v2\/tags?post=1982"}],"curies":[{"name":"wp","href":"https:\/\/api.w.org\/{rel}","templated":true}]}}